{"id":124696,"date":"2024-02-10T14:27:35","date_gmt":"2024-02-10T17:27:35","guid":{"rendered":"https:\/\/corrientesdetarde.com\/?p=124696"},"modified":"2024-02-10T14:27:58","modified_gmt":"2024-02-10T17:27:58","slug":"el-gobernador-valdes-asistio-al-carnaval-de-monte-caseros","status":"publish","type":"post","link":"https:\/\/corrientesdetarde.com\/index.php\/cultura\/el-gobernador-valdes-asistio-al-carnaval-de-monte-caseros\/","title":{"rendered":"El gobernador Vald\u00e9s asisti\u00f3 al carnaval de Monte&nbsp;Caseros"},"content":{"rendered":"\n<p>En el marco de su visita a Monte Caseros, el gobernador Gustavo Vald\u00e9s asisti\u00f3 este viernes al Carnaval Artesanal de la localidad. El mandatario destac\u00f3 este tipo de eventos como motor de turismo y movimiento econ\u00f3mico.<\/p>\n\n\n\n<p>\u201cEs una fiesta que llena de felicidad la ciudad\u201d, expres\u00f3 en su cuenta de X, agregando que \u201ccon inversiones y presencia, siempre apoyamos a las industrias culturales\u201d.<\/p>\n\n\n\n<p>Respecto a ello, Vald\u00e9s consider\u00f3 que, en la provincia, el carnaval \u201ces un generador de puestos de trabajo como un importante promotor del turismo\u201d.<\/p>\n\n\n\n<figure class=\"wp-block-gallery has-nested-images columns-default is-cropped wp-block-gallery-1 is-layout-flex wp-block-gallery-is-layout-flex\">\n<figure class=\"wp-block-image size-large\"><img loading=\"lazy\" decoding=\"async\" width=\"1024\" height=\"683\" data-id=\"124708\" src=\"https:\/\/corrientesdetarde.com\/wp-content\/uploads\/2024\/02\/imagen-63993-1024x683.jpg\" alt=\"\" class=\"wp-image-124708\" srcset=\"https:\/\/corrientesdetarde.com\/wp-content\/uploads\/2024\/02\/imagen-63993-1024x683.jpg 1024w, https:\/\/corrientesdetarde.com\/wp-content\/uploads\/2024\/02\/imagen-63993-300x200.jpg 300w, https:\/\/corrientesdetarde.com\/wp-content\/uploads\/2024\/02\/imagen-63993-768x512.jpg 768w, https:\/\/corrientesdetarde.com\/wp-content\/uploads\/2024\/02\/imagen-63993-1536x1025.jpg 1536w, https:\/\/corrientesdetarde.com\/wp-content\/uploads\/2024\/02\/imagen-63993.jpg 2048w\" sizes=\"auto, (max-width: 1024px) 100vw, 1024px\" \/><\/figure>\n\n\n\n<figure class=\"wp-block-image size-large\"><img loading=\"lazy\" decoding=\"async\" width=\"1024\" height=\"683\" data-id=\"124709\" src=\"https:\/\/corrientesdetarde.com\/wp-content\/uploads\/2024\/02\/imagen-63992-1024x683.jpg\" alt=\"\" class=\"wp-image-124709\" srcset=\"https:\/\/corrientesdetarde.com\/wp-content\/uploads\/2024\/02\/imagen-63992-1024x683.jpg 1024w, https:\/\/corrientesdetarde.com\/wp-content\/uploads\/2024\/02\/imagen-63992-300x200.jpg 300w, https:\/\/corrientesdetarde.com\/wp-content\/uploads\/2024\/02\/imagen-63992-768x512.jpg 768w, https:\/\/corrientesdetarde.com\/wp-content\/uploads\/2024\/02\/imagen-63992-1536x1025.jpg 1536w, https:\/\/corrientesdetarde.com\/wp-content\/uploads\/2024\/02\/imagen-63992.jpg 2048w\" sizes=\"auto, (max-width: 1024px) 100vw, 1024px\" \/><\/figure>\n\n\n\n<figure class=\"wp-block-image size-large\"><img loading=\"lazy\" decoding=\"async\" width=\"1024\" height=\"683\" data-id=\"124710\" src=\"https:\/\/corrientesdetarde.com\/wp-content\/uploads\/2024\/02\/imagen-63991-1-1024x683.jpg\" alt=\"\" class=\"wp-image-124710\" srcset=\"https:\/\/corrientesdetarde.com\/wp-content\/uploads\/2024\/02\/imagen-63991-1-1024x683.jpg 1024w, https:\/\/corrientesdetarde.com\/wp-content\/uploads\/2024\/02\/imagen-63991-1-300x200.jpg 300w, https:\/\/corrientesdetarde.com\/wp-content\/uploads\/2024\/02\/imagen-63991-1-768x512.jpg 768w, https:\/\/corrientesdetarde.com\/wp-content\/uploads\/2024\/02\/imagen-63991-1-1536x1025.jpg 1536w, https:\/\/corrientesdetarde.com\/wp-content\/uploads\/2024\/02\/imagen-63991-1.jpg 2048w\" sizes=\"auto, (max-width: 1024px) 100vw, 1024px\" \/><\/figure>\n\n\n\n<figure class=\"wp-block-image size-large\"><img loading=\"lazy\" decoding=\"async\" width=\"1024\" height=\"682\" data-id=\"124705\" src=\"https:\/\/corrientesdetarde.com\/wp-content\/uploads\/2024\/02\/imagen-63990.jpg\" alt=\"\" class=\"wp-image-124705\" srcset=\"https:\/\/corrientesdetarde.com\/wp-content\/uploads\/2024\/02\/imagen-63990.jpg 1024w, https:\/\/corrientesdetarde.com\/wp-content\/uploads\/2024\/02\/imagen-63990-300x200.jpg 300w, https:\/\/corrientesdetarde.com\/wp-content\/uploads\/2024\/02\/imagen-63990-768x512.jpg 768w\" sizes=\"auto, (max-width: 1024px) 100vw, 1024px\" \/><\/figure>\n\n\n\n<figure class=\"wp-block-image size-large\"><img loading=\"lazy\" decoding=\"async\" width=\"1024\" height=\"682\" data-id=\"124706\" src=\"https:\/\/corrientesdetarde.com\/wp-content\/uploads\/2024\/02\/imagen-63989.jpg\" alt=\"\" class=\"wp-image-124706\" srcset=\"https:\/\/corrientesdetarde.com\/wp-content\/uploads\/2024\/02\/imagen-63989.jpg 1024w, https:\/\/corrientesdetarde.com\/wp-content\/uploads\/2024\/02\/imagen-63989-300x200.jpg 300w, https:\/\/corrientesdetarde.com\/wp-content\/uploads\/2024\/02\/imagen-63989-768x512.jpg 768w\" sizes=\"auto, (max-width: 1024px) 100vw, 1024px\" \/><\/figure>\n\n\n\n<figure class=\"wp-block-image size-large\"><img loading=\"lazy\" decoding=\"async\" width=\"1024\" height=\"682\" data-id=\"124707\" src=\"https:\/\/corrientesdetarde.com\/wp-content\/uploads\/2024\/02\/imagen-63988.jpg\" alt=\"\" class=\"wp-image-124707\" srcset=\"https:\/\/corrientesdetarde.com\/wp-content\/uploads\/2024\/02\/imagen-63988.jpg 1024w, https:\/\/corrientesdetarde.com\/wp-content\/uploads\/2024\/02\/imagen-63988-300x200.jpg 300w, https:\/\/corrientesdetarde.com\/wp-content\/uploads\/2024\/02\/imagen-63988-768x512.jpg 768w\" sizes=\"auto, (max-width: 1024px) 100vw, 1024px\" \/><\/figure>\n<\/figure>\n","protected":false},"excerpt":{"rendered":"<p>En el marco de su visita a Monte Caseros, el gobernador Gustavo Vald\u00e9s asisti\u00f3 este viernes al Carnaval Artesanal de la localidad. El mandatario destac\u00f3 este tipo de eventos como&hellip; <\/p>\n","protected":false},"author":12,"featured_media":124704,"comment_status":"closed","ping_status":"open","sticky":false,"template":"","format":"standard","meta":{"footnotes":""},"categories":[15],"tags":[],"class_list":["post-124696","post","type-post","status-publish","format-standard","has-post-thumbnail","hentry","category-cultura"],"_links":{"self":[{"href":"https:\/\/corrientesdetarde.com\/index.php\/wp-json\/wp\/v2\/posts\/124696","targetHints":{"allow":["GET"]}}],"collection":[{"href":"https:\/\/corrientesdetarde.com\/index.php\/wp-json\/wp\/v2\/posts"}],"about":[{"href":"https:\/\/corrientesdetarde.com\/index.php\/wp-json\/wp\/v2\/types\/post"}],"author":[{"embeddable":true,"href":"https:\/\/corrientesdetarde.com\/index.php\/wp-json\/wp\/v2\/users\/12"}],"replies":[{"embeddable":true,"href":"https:\/\/corrientesdetarde.com\/index.php\/wp-json\/wp\/v2\/comments?post=124696"}],"version-history":[{"count":2,"href":"https:\/\/corrientesdetarde.com\/index.php\/wp-json\/wp\/v2\/posts\/124696\/revisions"}],"predecessor-version":[{"id":124713,"href":"https:\/\/corrientesdetarde.com\/index.php\/wp-json\/wp\/v2\/posts\/124696\/revisions\/124713"}],"wp:featuredmedia":[{"embeddable":true,"href":"https:\/\/corrientesdetarde.com\/index.php\/wp-json\/wp\/v2\/media\/124704"}],"wp:attachment":[{"href":"https:\/\/corrientesdetarde.com\/index.php\/wp-json\/wp\/v2\/media?parent=124696"}],"wp:term":[{"taxonomy":"category","embeddable":true,"href":"https:\/\/corrientesdetarde.com\/index.php\/wp-json\/wp\/v2\/categories?post=124696"},{"taxonomy":"post_tag","embeddable":true,"href":"https:\/\/corrientesdetarde.com\/index.php\/wp-json\/wp\/v2\/tags?post=124696"}],"curies":[{"name":"wp","href":"https:\/\/api.w.org\/{rel}","templated":true}]}}