{"id":12472,"date":"2022-10-19T08:43:19","date_gmt":"2022-10-19T11:43:19","guid":{"rendered":"https:\/\/corrientesdetarde.com\/?p=12472"},"modified":"2022-10-19T08:43:21","modified_gmt":"2022-10-19T11:43:21","slug":"incluyeron-en-el-presupuesto-el-ensanchamiento-de-la-ruta-12-desde-corrientes-a-saladas","status":"publish","type":"post","link":"https:\/\/corrientesdetarde.com\/index.php\/politica\/incluyeron-en-el-presupuesto-el-ensanchamiento-de-la-ruta-12-desde-corrientes-a-saladas\/","title":{"rendered":"Incluyeron en el Presupuesto el ensanchamiento de la Ruta 12 \u00a0desde Corrientes a Saladas"},"content":{"rendered":"\n<p>Fue tras una reuni\u00f3n en la C\u00e1mara de Diputados en la que se acord\u00f3 incluir recursos para esta obra de casi 100 km. Se suma a obras nacionales para Corrientes por $24.500 millones.<\/p>\n\n\n\n<p>El diputado nacional por Corrientes, Jorge Antonio Romero inform\u00f3 que en la Comisi\u00f3n de Presupuesto que \u00edntegra, se logr\u00f3 incluir en el Proyecto de Presupuesto Nacional 2023 la obra de ensanchamiento de la Ruta Nacional 12 en el tramo Ciudad de Corrientes-Saladas por un monto de $11.650 millones.<\/p>\n\n\n\n<p>El legislador correntino se\u00f1al\u00f3 que &#8220;ya hemos acordado con el presidente de la Comisi\u00f3n de Presupuesto, Carlos Heller, que el jueves finalice la reuni\u00f3n para incluir esta obra junto con otras para el resto del pa\u00eds en el Presupuesto; seguiremos trabajando estos d\u00edas para incluir tambi\u00e9n obras en Ruta Nacional 14&#8221;.<\/p>\n\n\n\n<p>&#8220;La caracter\u00edstica de la obra ser\u00eda ensanchamiento, pavimentaci\u00f3n de banquina y construcci\u00f3n de terceras trochas para que se pueda facilitar el paso a veh\u00edculos pesados&#8221; dijo Romero y agreg\u00f3 que &#8220;se est\u00e1 realizando el proyecto ejecutivo desde Vialidad Nacional para concretar las modificaciones concretas&#8221;.<\/p>\n\n\n\n<p>El Diputado Nacional destac\u00f3 que &#8220;con esta modificaci\u00f3n nos aseguramos que haya un monto asignado para la realizaci\u00f3n de la obra una vez aprobado el presupuesto&#8221;.&nbsp;<\/p>\n\n\n\n<p>Este nuevo monto se suma en el Presupuesto Nacional 2023 a otras obras ya asignadas por $24.500 millones de ejecuci\u00f3n plurianual para Corrientes.<\/p>\n","protected":false},"excerpt":{"rendered":"<p>Fue tras una reuni\u00f3n en la C\u00e1mara de Diputados en la que se acord\u00f3 incluir recursos para esta obra de casi 100 km. Se suma a obras nacionales para Corrientes&hellip; <\/p>\n","protected":false},"author":4,"featured_media":12473,"comment_status":"closed","ping_status":"open","sticky":false,"template":"","format":"standard","meta":{"footnotes":""},"categories":[3],"tags":[],"class_list":["post-12472","post","type-post","status-publish","format-standard","has-post-thumbnail","hentry","category-politica"],"_links":{"self":[{"href":"https:\/\/corrientesdetarde.com\/index.php\/wp-json\/wp\/v2\/posts\/12472","targetHints":{"allow":["GET"]}}],"collection":[{"href":"https:\/\/corrientesdetarde.com\/index.php\/wp-json\/wp\/v2\/posts"}],"about":[{"href":"https:\/\/corrientesdetarde.com\/index.php\/wp-json\/wp\/v2\/types\/post"}],"author":[{"embeddable":true,"href":"https:\/\/corrientesdetarde.com\/index.php\/wp-json\/wp\/v2\/users\/4"}],"replies":[{"embeddable":true,"href":"https:\/\/corrientesdetarde.com\/index.php\/wp-json\/wp\/v2\/comments?post=12472"}],"version-history":[{"count":1,"href":"https:\/\/corrientesdetarde.com\/index.php\/wp-json\/wp\/v2\/posts\/12472\/revisions"}],"predecessor-version":[{"id":12474,"href":"https:\/\/corrientesdetarde.com\/index.php\/wp-json\/wp\/v2\/posts\/12472\/revisions\/12474"}],"wp:featuredmedia":[{"embeddable":true,"href":"https:\/\/corrientesdetarde.com\/index.php\/wp-json\/wp\/v2\/media\/12473"}],"wp:attachment":[{"href":"https:\/\/corrientesdetarde.com\/index.php\/wp-json\/wp\/v2\/media?parent=12472"}],"wp:term":[{"taxonomy":"category","embeddable":true,"href":"https:\/\/corrientesdetarde.com\/index.php\/wp-json\/wp\/v2\/categories?post=12472"},{"taxonomy":"post_tag","embeddable":true,"href":"https:\/\/corrientesdetarde.com\/index.php\/wp-json\/wp\/v2\/tags?post=12472"}],"curies":[{"name":"wp","href":"https:\/\/api.w.org\/{rel}","templated":true}]}}