{"id":124805,"date":"2024-02-11T09:17:34","date_gmt":"2024-02-11T12:17:34","guid":{"rendered":"https:\/\/corrientesdetarde.com\/?p=124805"},"modified":"2024-02-11T09:17:46","modified_gmt":"2024-02-11T12:17:46","slug":"un-hombre-de-75-anos-de-edad-fallecio-tras-ser-atropellado-por-una-camioneta","status":"publish","type":"post","link":"https:\/\/corrientesdetarde.com\/index.php\/policiales\/un-hombre-de-75-anos-de-edad-fallecio-tras-ser-atropellado-por-una-camioneta\/","title":{"rendered":"Un hombre de 75 a\u00f1os de edad\u00a0falleci\u00f3 tras ser atropellado por una camioneta"},"content":{"rendered":"\n<p>El fatal siniestro se dio durante la ma\u00f1ana de este s\u00e1bado en la localidad de Santa Luc\u00eda, provincia de Corrientes.&nbsp; Seg\u00fan los reportes policiales, una camioneta marca Toyota Hilux fue la que atropell\u00f3 a este hombre mientras recorr\u00eda las calles a bordo de una moto marca Mondial de 110 cilindradas, provoc\u00e1ndole heridas de suma gravedad.<\/p>\n\n\n\n<p>El hombre tuvo que ser trasladado al hospital de Santa Luc\u00eda para su tratamiento. Lamentablemente, termin\u00f3 falleciendo debido a la gravedad de las heridas que presentaba.<\/p>\n","protected":false},"excerpt":{"rendered":"<p>El fatal siniestro se dio durante la ma\u00f1ana de este s\u00e1bado en la localidad de Santa Luc\u00eda, provincia de Corrientes.&nbsp; Seg\u00fan los reportes policiales, una camioneta marca Toyota Hilux fue&hellip; <\/p>\n","protected":false},"author":1,"featured_media":95042,"comment_status":"closed","ping_status":"open","sticky":false,"template":"","format":"standard","meta":{"footnotes":""},"categories":[33],"tags":[],"class_list":["post-124805","post","type-post","status-publish","format-standard","has-post-thumbnail","hentry","category-policiales"],"_links":{"self":[{"href":"https:\/\/corrientesdetarde.com\/index.php\/wp-json\/wp\/v2\/posts\/124805","targetHints":{"allow":["GET"]}}],"collection":[{"href":"https:\/\/corrientesdetarde.com\/index.php\/wp-json\/wp\/v2\/posts"}],"about":[{"href":"https:\/\/corrientesdetarde.com\/index.php\/wp-json\/wp\/v2\/types\/post"}],"author":[{"embeddable":true,"href":"https:\/\/corrientesdetarde.com\/index.php\/wp-json\/wp\/v2\/users\/1"}],"replies":[{"embeddable":true,"href":"https:\/\/corrientesdetarde.com\/index.php\/wp-json\/wp\/v2\/comments?post=124805"}],"version-history":[{"count":1,"href":"https:\/\/corrientesdetarde.com\/index.php\/wp-json\/wp\/v2\/posts\/124805\/revisions"}],"predecessor-version":[{"id":124813,"href":"https:\/\/corrientesdetarde.com\/index.php\/wp-json\/wp\/v2\/posts\/124805\/revisions\/124813"}],"wp:featuredmedia":[{"embeddable":true,"href":"https:\/\/corrientesdetarde.com\/index.php\/wp-json\/wp\/v2\/media\/95042"}],"wp:attachment":[{"href":"https:\/\/corrientesdetarde.com\/index.php\/wp-json\/wp\/v2\/media?parent=124805"}],"wp:term":[{"taxonomy":"category","embeddable":true,"href":"https:\/\/corrientesdetarde.com\/index.php\/wp-json\/wp\/v2\/categories?post=124805"},{"taxonomy":"post_tag","embeddable":true,"href":"https:\/\/corrientesdetarde.com\/index.php\/wp-json\/wp\/v2\/tags?post=124805"}],"curies":[{"name":"wp","href":"https:\/\/api.w.org\/{rel}","templated":true}]}}