{"id":124905,"date":"2024-02-11T21:46:23","date_gmt":"2024-02-12T00:46:23","guid":{"rendered":"https:\/\/corrientesdetarde.com\/?p=124905"},"modified":"2024-02-11T21:46:34","modified_gmt":"2024-02-12T00:46:34","slug":"la-keniata-joyciline-jepkosgei-se-impuso-en-la-media-maraton-de-barcelona-con-record-de-circuito","status":"publish","type":"post","link":"https:\/\/corrientesdetarde.com\/index.php\/deportes\/la-keniata-joyciline-jepkosgei-se-impuso-en-la-media-maraton-de-barcelona-con-record-de-circuito\/","title":{"rendered":"La keniata Joyciline Jepkosgei se impuso en la media marat\u00f3n de Barcelona con r\u00e9cord de circuito."},"content":{"rendered":"\n<h2 class=\"wp-block-heading\">La atleta africana mejor\u00f3 en 10 segundos el registro anterior.<\/h2>\n\n\n\n<p><strong>La maratonista keniata Joyciline Jepkosgei gan\u00f3 la\u00a0Media Marat\u00f3n\u00a0de Barcelona con r\u00e9cord\u00a0<\/strong>de circuito, mejorando en 10 segundos el registro del a\u00f1o anterior, logrado por Irene Kimai Jepchumba.<\/p>\n\n\n\n<p><strong>Con 28 mil competidores corriendo<\/strong>&nbsp;por las calles de la ciudad, la africana complet\u00f3 los 21.097 metros en una hora, 4 minutos y 27 segundos, distanci\u00e1ndose de la segunda en llegar en m\u00e1s de dos minutos. Detr\u00e1s de Jepkosgei llegaron la et\u00edope Senbere Teferi (1:04:38) y la keniata Gladys Chepkurui (1:06:32).<\/p>\n\n\n\n<p>La vencedora de la\u00a0marat\u00f3n\u00a0de Londres y Nueva York cont\u00f3 con\u00a0<strong>pacers que fueron determinantes<\/strong>\u00a0a la hora de marcar el ritmo, como de<strong>\u00a0frenar el viento\u00a0<\/strong>en determinados sectores de la prueba.<\/p>\n\n\n\n<h2 class=\"wp-block-heading\">El viento, un duro adversario<\/h2>\n\n\n\n<p>Tras ganar la competencia, Jepkosgei dialog\u00f3 con la televisi\u00f3n local y manifest\u00f3: \u201cLa ciudad es muy bonita y esta es una carrera muy r\u00e1pida.&nbsp;<strong>Volv\u00ed a Barcelona este a\u00f1o para intentar batir mi marca personal&nbsp;<\/strong>y estoy muy agradecida de haberlo logrado\u201d.<\/p>\n\n\n\n<p>\u201c<strong>El viento era muy fuerte y lo tuve en contra durante algunos tramos<\/strong>, sobre todo al principio, pero estoy muy contenta de sorbreponerme para terminar a buen ritmo\u201d, remarc\u00f3.<\/p>\n\n\n\n<p>En cuanto a los caballeros,<strong>&nbsp;el keniata Kandie cruz\u00f3 el arco de llegada en un tiempo de 59 minutos y 20 segundos<\/strong>, con el sueco Andreas Almgren, que le pis\u00f3 los talones y en su debut, complet\u00f3 la prueba en 59.22. El tercero fue otro keniata: Roncer Kipkorir Konga (59.27).<\/p>\n\n\n\n<figure class=\"wp-block-image\"><img decoding=\"async\" src=\"https:\/\/tn.com.ar\/resizer\/lwsUxK5qqE-2WhWYgEMzMGVcQTs=\/767x0\/smart\/filters:format(webp)\/cloudfront-us-east-1.images.arcpublishing.com\/artear\/STWYUIC5AVG6FI7NNL5BAAHWUM.jpg\" alt=\"La competencia convoc\u00f3 a 28 mil runners. (Foto: Mitja Marat\u00f3 Barcelona).\"\/><figcaption>La competencia convoc\u00f3 a 28 mil runners. (Foto: Mitja Marat\u00f3 Barcelona).<\/figcaption><\/figure>\n\n\n\n<h2 class=\"wp-block-heading\">La segunda media marat\u00f3n m\u00e1s masiva de Europa<\/h2>\n\n\n\n<p>Vale destacar que Mitja Marat\u00f3 Barcelona, con sus 28 mil participantes inscriptos y 5 mil runners m\u00e1s en lista de espera,&nbsp;<strong>es la segunda prueba de 21 kil\u00f3metros m\u00e1s grande de Europa<\/strong>, solamente superada por la Media Marat\u00f3n de Berl\u00edn.<\/p>\n\n\n\n<p><strong>La gran cantidad de competidores que fueron parte del evento oblig\u00f3 a los organizadores a modificar parte del circuito<\/strong>. De hecho, al ser una competencia que tiene la largada por grupos y tanto el inicio como la llegada se dan en el mismo sitio, el desaf\u00edo fue que el \u00faltimo de los corredores en largar no coincidiera con el final del vencedor.<\/p>\n\n\n\n<p>Ante esta situaci\u00f3n,\u00a0<strong>el \u00faltimo runner en comenzar la carrera lo hizo en el minuto 50,<\/strong>\u00a0s\u00f3lo nueve minutos antes de la llegada de Kandie, el primero en completar los 21.097 metros.<\/p>\n\n\n\n<p><\/p>\n\n\n\n<p><em>Fuente: Todo Noticias.<\/em><\/p>\n","protected":false},"excerpt":{"rendered":"<p>La atleta africana mejor\u00f3 en 10 segundos el registro anterior. La maratonista keniata Joyciline Jepkosgei gan\u00f3 la\u00a0Media Marat\u00f3n\u00a0de Barcelona con r\u00e9cord\u00a0de circuito, mejorando en 10 segundos el registro del a\u00f1o&hellip; <\/p>\n","protected":false},"author":6,"featured_media":124906,"comment_status":"closed","ping_status":"open","sticky":false,"template":"","format":"standard","meta":{"footnotes":""},"categories":[4],"tags":[],"class_list":["post-124905","post","type-post","status-publish","format-standard","has-post-thumbnail","hentry","category-deportes"],"_links":{"self":[{"href":"https:\/\/corrientesdetarde.com\/index.php\/wp-json\/wp\/v2\/posts\/124905","targetHints":{"allow":["GET"]}}],"collection":[{"href":"https:\/\/corrientesdetarde.com\/index.php\/wp-json\/wp\/v2\/posts"}],"about":[{"href":"https:\/\/corrientesdetarde.com\/index.php\/wp-json\/wp\/v2\/types\/post"}],"author":[{"embeddable":true,"href":"https:\/\/corrientesdetarde.com\/index.php\/wp-json\/wp\/v2\/users\/6"}],"replies":[{"embeddable":true,"href":"https:\/\/corrientesdetarde.com\/index.php\/wp-json\/wp\/v2\/comments?post=124905"}],"version-history":[{"count":1,"href":"https:\/\/corrientesdetarde.com\/index.php\/wp-json\/wp\/v2\/posts\/124905\/revisions"}],"predecessor-version":[{"id":124907,"href":"https:\/\/corrientesdetarde.com\/index.php\/wp-json\/wp\/v2\/posts\/124905\/revisions\/124907"}],"wp:featuredmedia":[{"embeddable":true,"href":"https:\/\/corrientesdetarde.com\/index.php\/wp-json\/wp\/v2\/media\/124906"}],"wp:attachment":[{"href":"https:\/\/corrientesdetarde.com\/index.php\/wp-json\/wp\/v2\/media?parent=124905"}],"wp:term":[{"taxonomy":"category","embeddable":true,"href":"https:\/\/corrientesdetarde.com\/index.php\/wp-json\/wp\/v2\/categories?post=124905"},{"taxonomy":"post_tag","embeddable":true,"href":"https:\/\/corrientesdetarde.com\/index.php\/wp-json\/wp\/v2\/tags?post=124905"}],"curies":[{"name":"wp","href":"https:\/\/api.w.org\/{rel}","templated":true}]}}