{"id":124908,"date":"2024-02-11T21:50:25","date_gmt":"2024-02-12T00:50:25","guid":{"rendered":"https:\/\/corrientesdetarde.com\/?p=124908"},"modified":"2024-02-11T21:50:29","modified_gmt":"2024-02-12T00:50:29","slug":"error-viral-anunciaron-a-karina-milei-como-la-esposa-del-presidente","status":"publish","type":"post","link":"https:\/\/corrientesdetarde.com\/index.php\/internacionales\/error-viral-anunciaron-a-karina-milei-como-la-esposa-del-presidente\/","title":{"rendered":"Error viral: anunciaron a Karina Milei como la esposa del Presidente."},"content":{"rendered":"\n<h2 class=\"wp-block-heading\">La hermana del Presidente lo acompa\u00f1a en su gira. Este domingo ambos participaron de la canonizaci\u00f3n de la primera santa argentina en el Vaticano. El locutor de la transmisi\u00f3n en espa\u00f1ol la mencion\u00f3 como &#8220;esposa&#8221; de Milei y el segmento estall\u00f3 en las redes.<\/h2>\n\n\n\n<p>Javier Milei particip\u00f3 esta ma\u00f1ana de la ceremonia de canonizaci\u00f3n de la primera santa argentina, Mar\u00eda Antonia de Paz y Figueroa &#8220;Mama Antula&#8221;, que encabez\u00f3 el Papa Francisco en la Bas\u00edlica de San Pedro de la Ciudad del Vaticano. De hecho, al concluir la misa, el mandatario intercambi\u00f3 un saludo con Su Santidad.<\/p>\n\n\n\n<p>A este evento, Javier Milei fue acompa\u00f1ado por la secretaria General de la Presidencia, Karina Milei; la canciller Diana Mondino; la ministra de Capital Humano, Sandra Pettovello, y el ministro del Interior, Guillermo Francos. La presencia de Karina se volvi\u00f3 viral por una confusi\u00f3n dentro de la transmisi\u00f3n oficial de la Santa Misa: el locutor se refiri\u00f3 a ella como a ella como &#8220;esposa&#8221; del mandatario. &#8220;Informamos que en la Santa Misa participa el Presidente de la Rep\u00fablica Argentina Javier Milei, junto con su esposa, la secretaria General de la Presidencia, Karina Milei&#8221;, afirmaron en la transmisi\u00f3n.<\/p>\n\n\n\n<p>El fragmento estall\u00f3 en la redes y su nombre fue tendencia durante la ma\u00f1ana y la tarde del domingo. Hasta Maslat\u00f3n comparti\u00f3 el momento y escribi\u00f3 que &#8220;Todo, en Argentina, es una joda&#8221;.<\/p>\n\n\n\n<p>Este momento se volvi\u00f3 viral en las redes sociales y varios internautas se burlaron tanto del Presidente como de su hermana. En cuanto a los protagonistas de este momento, los Milei, ellos por ahora no hablaron al respecto ni tampoco dieron su opini\u00f3n sobre lo sucedido. Aunque, en m\u00e1s de una ocasi\u00f3n, Javier asegur\u00f3 estar acostumbrado a este tipo de confusiones.<\/p>\n","protected":false},"excerpt":{"rendered":"<p>La hermana del Presidente lo acompa\u00f1a en su gira. Este domingo ambos participaron de la canonizaci\u00f3n de la primera santa argentina en el Vaticano. El locutor de la transmisi\u00f3n en&hellip; <\/p>\n","protected":false},"author":6,"featured_media":124909,"comment_status":"closed","ping_status":"open","sticky":false,"template":"","format":"standard","meta":{"footnotes":""},"categories":[11],"tags":[],"class_list":["post-124908","post","type-post","status-publish","format-standard","has-post-thumbnail","hentry","category-internacionales"],"_links":{"self":[{"href":"https:\/\/corrientesdetarde.com\/index.php\/wp-json\/wp\/v2\/posts\/124908","targetHints":{"allow":["GET"]}}],"collection":[{"href":"https:\/\/corrientesdetarde.com\/index.php\/wp-json\/wp\/v2\/posts"}],"about":[{"href":"https:\/\/corrientesdetarde.com\/index.php\/wp-json\/wp\/v2\/types\/post"}],"author":[{"embeddable":true,"href":"https:\/\/corrientesdetarde.com\/index.php\/wp-json\/wp\/v2\/users\/6"}],"replies":[{"embeddable":true,"href":"https:\/\/corrientesdetarde.com\/index.php\/wp-json\/wp\/v2\/comments?post=124908"}],"version-history":[{"count":1,"href":"https:\/\/corrientesdetarde.com\/index.php\/wp-json\/wp\/v2\/posts\/124908\/revisions"}],"predecessor-version":[{"id":124910,"href":"https:\/\/corrientesdetarde.com\/index.php\/wp-json\/wp\/v2\/posts\/124908\/revisions\/124910"}],"wp:featuredmedia":[{"embeddable":true,"href":"https:\/\/corrientesdetarde.com\/index.php\/wp-json\/wp\/v2\/media\/124909"}],"wp:attachment":[{"href":"https:\/\/corrientesdetarde.com\/index.php\/wp-json\/wp\/v2\/media?parent=124908"}],"wp:term":[{"taxonomy":"category","embeddable":true,"href":"https:\/\/corrientesdetarde.com\/index.php\/wp-json\/wp\/v2\/categories?post=124908"},{"taxonomy":"post_tag","embeddable":true,"href":"https:\/\/corrientesdetarde.com\/index.php\/wp-json\/wp\/v2\/tags?post=124908"}],"curies":[{"name":"wp","href":"https:\/\/api.w.org\/{rel}","templated":true}]}}