{"id":124994,"date":"2024-02-12T11:20:06","date_gmt":"2024-02-12T14:20:06","guid":{"rendered":"https:\/\/corrientesdetarde.com\/?p=124994"},"modified":"2024-02-12T11:20:41","modified_gmt":"2024-02-12T14:20:41","slug":"instagram-escondera-las-publicaciones-politicas-a-menos-que-los-usuarios-pidan-lo-contrario","status":"publish","type":"post","link":"https:\/\/corrientesdetarde.com\/index.php\/informacion-general\/instagram-escondera-las-publicaciones-politicas-a-menos-que-los-usuarios-pidan-lo-contrario\/","title":{"rendered":"Instagram esconder\u00e1 las publicaciones pol\u00edticas, a menos que los usuarios pidan lo contrario"},"content":{"rendered":"\n<p><strong>Instagram y\u00a0Threads, dos redes sociales que pertenecen a Meta, esconder\u00e1n el contenido pol\u00edtico<\/strong>, aunque los usuarios podr\u00e1n configurar sus cuentas para que esas publicaciones sigan mostr\u00e1ndose. Anunciado por el jefe de esas plataformas, Adam Mosseri, el cambio tiene una temporalidad de menci\u00f3n ineludible: en noviembre, se celebrar\u00e1n elecciones presidenciales en Estados Unidos.<\/p>\n\n\n\n<h2 class=\"wp-block-heading\">Instagram y Threads no recomendar\u00e1n publicaciones pol\u00edticas: los detalles del anuncio y las aclaraciones posteriores<\/h2>\n\n\n\n<p>La\u00a0<strong>\u201cveda\u201d en Instagram y Threads<\/strong>, que se pondr\u00e1 en marcha durante las pr\u00f3ximas semanas, tiene una serie de excepciones. Por un lado, los usuariosseguir\u00e1n viendo contenido de tenor pol\u00edtico de las cuentas que siguen.<\/p>\n\n\n\n<p>\u00bfQu\u00e9 cambia, entonces? La movida implica que los algoritmos \u2014sistemas encargados de ordenar y privilegiar\u2014 no amplificar\u00e1n dichas publicaciones.<\/p>\n\n\n\n<figure class=\"wp-block-image\"><img decoding=\"async\" src=\"https:\/\/tn.com.ar\/resizer\/958-Vgmr9EbB3oR1Eh-qe2azfrk=\/767x0\/smart\/filters:format(webp)\/cloudfront-us-east-1.images.arcpublishing.com\/artear\/EEI3HUQJZNFOPNLVJNV2YYTXOQ.jpg\" alt=\"El cambio en Instagram y Threads fue anunciado por el ejecutivo responsable de ambas plataformas, Adam Mosseri. (Foto: Archivo)\"\/><figcaption>El cambio en Instagram y Threads fue anunciado por el ejecutivo responsable de ambas plataformas, Adam Mosseri. (Foto: Archivo)<\/figcaption><\/figure>\n\n\n\n<p>M\u00e1s que una interrupci\u00f3n total, la medida implica la limitaci\u00f3n. Si bien\u00a0<strong>Meta restringir\u00e1 sus sugerencias relacionadas a la pol\u00edtica de forma predeterminada<\/strong>, ser\u00e1 posible configurar las cuentas en Instagram y Threads para seguir viendo dicho contenido.<\/p>\n\n\n\n<p>Adem\u00e1s, desde la empresa con sede central en Palo Alto, California, indicaron que la actualizaci\u00f3n no afectar\u00e1 la forma en que los usuarios ven las publicaciones de las cuentas que decidieron seguir.&nbsp;<strong>\u201cNuestro objetivo es preservar la capacidad de elegir e interactuar con contenido pol\u00edtico, respetando al mismo tiempo los intereses de cada persona\u201d<\/strong>, not\u00f3 al respecto el CEO de Instagram.<\/p>\n\n\n\n<h2 class=\"wp-block-heading\">Veda pol\u00edtica en Instagram y Threads: \u00bfc\u00f3mo determinar\u00e1 Meta qu\u00e9 contenido esconder?<\/h2>\n\n\n\n<p>Siguiendo a&nbsp;<em>Engadget<\/em>, Mosseri no brind\u00f3 detalles respecto&nbsp;<strong>c\u00f3mo considerar\u00e1n qu\u00e9 contenido es pol\u00edtico&nbsp;<\/strong>y cu\u00e1l no lo es. Luego, un vocero de la compa\u00f1\u00eda estadounidense se\u00f1al\u00f3 que contemplar\u00e1n especialmente las tem\u00e1ticas vinculadas a las elecciones.<\/p>\n\n\n\n<figure class=\"wp-block-image\"><img decoding=\"async\" src=\"https:\/\/tn.com.ar\/resizer\/UcSXrlhNqQ5aL9JtaJHBh6Vf-wA=\/767x0\/smart\/filters:format(webp)\/cloudfront-us-east-1.images.arcpublishing.com\/artear\/DTYNYYE6G4FIZEL53MRB4L2XCA.jpg\" alt=\"Meta, la firrma detr\u00e1s de Instagram y Threads, tambi\u00e9n es due\u00f1a de Facebook y WhatsApp. \"\/><figcaption>Meta, la firrma detr\u00e1s de Instagram y Threads, tambi\u00e9n es due\u00f1a de Facebook y WhatsApp.Por:&nbsp;<strong>REUTERS<\/strong><\/figcaption><\/figure>\n\n\n\n<p>\u201cNuestra definici\u00f3n de contenido pol\u00edtico es contenido que probablemente trate sobre\u00a0<strong>temas relacionados con el gobierno o las elecciones<\/strong>; (tambi\u00e9n) publicaciones sobre leyes o aspectos sociales\u201d, dijo. \u201cEstos asuntos globales son complejos y din\u00e1micos, lo que significa que esta definici\u00f3n evolucionar\u00e1 a medida que sigamos interactuando con las personas y comunidades que utilizan nuestras plataformas y expertos externos para perfeccionar nuestro enfoque\u201d, explic\u00f3.<\/p>\n\n\n\n<p>Tal como recuerda la fuente, Threads \u2014un servicio que Meta lanz\u00f3 el a\u00f1o pasado para competir con Twitter, ahora X\u2014 ya bloquea tem\u00e1ticas que Meta considera sensibles, como los relacionados al Covid-19.<\/p>\n","protected":false},"excerpt":{"rendered":"<p>Instagram y\u00a0Threads, dos redes sociales que pertenecen a Meta, esconder\u00e1n el contenido pol\u00edtico, aunque los usuarios podr\u00e1n configurar sus cuentas para que esas publicaciones sigan mostr\u00e1ndose. Anunciado por el jefe&hellip; <\/p>\n","protected":false},"author":12,"featured_media":125015,"comment_status":"closed","ping_status":"open","sticky":false,"template":"","format":"standard","meta":{"footnotes":""},"categories":[1],"tags":[],"class_list":["post-124994","post","type-post","status-publish","format-standard","has-post-thumbnail","hentry","category-informacion-general"],"_links":{"self":[{"href":"https:\/\/corrientesdetarde.com\/index.php\/wp-json\/wp\/v2\/posts\/124994","targetHints":{"allow":["GET"]}}],"collection":[{"href":"https:\/\/corrientesdetarde.com\/index.php\/wp-json\/wp\/v2\/posts"}],"about":[{"href":"https:\/\/corrientesdetarde.com\/index.php\/wp-json\/wp\/v2\/types\/post"}],"author":[{"embeddable":true,"href":"https:\/\/corrientesdetarde.com\/index.php\/wp-json\/wp\/v2\/users\/12"}],"replies":[{"embeddable":true,"href":"https:\/\/corrientesdetarde.com\/index.php\/wp-json\/wp\/v2\/comments?post=124994"}],"version-history":[{"count":2,"href":"https:\/\/corrientesdetarde.com\/index.php\/wp-json\/wp\/v2\/posts\/124994\/revisions"}],"predecessor-version":[{"id":125018,"href":"https:\/\/corrientesdetarde.com\/index.php\/wp-json\/wp\/v2\/posts\/124994\/revisions\/125018"}],"wp:featuredmedia":[{"embeddable":true,"href":"https:\/\/corrientesdetarde.com\/index.php\/wp-json\/wp\/v2\/media\/125015"}],"wp:attachment":[{"href":"https:\/\/corrientesdetarde.com\/index.php\/wp-json\/wp\/v2\/media?parent=124994"}],"wp:term":[{"taxonomy":"category","embeddable":true,"href":"https:\/\/corrientesdetarde.com\/index.php\/wp-json\/wp\/v2\/categories?post=124994"},{"taxonomy":"post_tag","embeddable":true,"href":"https:\/\/corrientesdetarde.com\/index.php\/wp-json\/wp\/v2\/tags?post=124994"}],"curies":[{"name":"wp","href":"https:\/\/api.w.org\/{rel}","templated":true}]}}