{"id":124996,"date":"2024-02-12T11:02:06","date_gmt":"2024-02-12T14:02:06","guid":{"rendered":"https:\/\/corrientesdetarde.com\/?p=124996"},"modified":"2024-02-12T11:02:32","modified_gmt":"2024-02-12T14:02:32","slug":"valentin-barco-lanzo-un-contundente-mensaje-para-destrozar-a-sus-haters","status":"publish","type":"post","link":"https:\/\/corrientesdetarde.com\/index.php\/informacion-general\/valentin-barco-lanzo-un-contundente-mensaje-para-destrozar-a-sus-haters\/","title":{"rendered":"Valent\u00edn Barco lanz\u00f3 un contundente mensaje para destrozar a sus haters"},"content":{"rendered":"\n<p><strong>Valent\u00edn Barco<\/strong>&nbsp;decidi\u00f3&nbsp;<strong>responderle a quienes lo criticaron<\/strong>&nbsp;tanto a \u00e9l como a la Selecci\u00f3n argentina mediante las redes sociales, luego de lo que fue ganarle a Brasil en el Preol\u00edmpico y asegurarse un lugar en los&nbsp;<strong>Juegos Ol\u00edmpicos de Par\u00eds 2024<\/strong>.<\/p>\n\n\n\n<p>\u201c<strong>A Par\u00eds. Y que sigan hablando<\/strong>\u201d, poste\u00f3 Valent\u00edn Barco tras citar un\u00a0mensaje de su novia\u00a0<strong>Yaz Jaureguy<\/strong>\u00a0en las redes sociales.<\/p>\n\n\n\n<figure class=\"wp-block-image\"><img decoding=\"async\" src=\"https:\/\/tn.com.ar\/resizer\/4-M5T-MHRd8MTnvFK0y-jEpixJY=\/767x0\/smart\/filters:format(webp)\/cloudfront-us-east-1.images.arcpublishing.com\/artear\/DGMJDZSDP5FY7EQRAQJED4MNWQ.jfif\" alt=\"La dura respuesta de Velent\u00edn Barco a sus cr\u00edticos tras la clasificaci\u00f3n de la Selecci\u00f3n argentina a los JJOO (Foto: Instagram - @colo.barco)\"\/><figcaption>La dura respuesta de Velent\u00edn Barco a sus cr\u00edticos tras la clasificaci\u00f3n de la Selecci\u00f3n argentina a los JJOO (Foto: Instagram &#8211; @colo.barco)<\/figcaption><\/figure>\n\n\n\n<h2 class=\"wp-block-heading\">El mensaje de la novia de Valent\u00edn Barco tras la clasificaci\u00f3n de la Selecci\u00f3n argentina sub 23 a los JJOO<\/h2>\n\n\n\n<p><strong>Yaz Jaureguy<\/strong>&nbsp;public\u00f3 en sus historias de Instagram una imagen de Barco con un fuerte mensaje. \u201c<strong>Mi amor, cerrando bocas desde siempre. Te amo. Vamos<\/strong>\u201d, escribi\u00f3. A lo que el futbolista replic\u00f3 con un: \u201c<strong>A Par\u00eds. Y que sigan hablando<\/strong>\u201d, junto a emojis pidiendo silencio.<\/p>\n\n\n\n<h2 class=\"wp-block-heading\">Qui\u00e9n es Yazm\u00edn Jaureguy, la novia del Colo Barco<\/h2>\n\n\n\n<p><strong>Yazm\u00edn Jaureguy<\/strong>&nbsp;es una modelo de 26 a\u00f1os, reconocida en Instagram por la gran cantidad de seguidores que tiene. En 2018 estuvo en pareja con&nbsp;<strong>Fernando Bertona<\/strong>, el ex de Ail\u00e9n Bechara.<\/p>\n\n\n\n<figure class=\"wp-block-image\"><img decoding=\"async\" src=\"https:\/\/tn.com.ar\/resizer\/cvTGLId1o99Gb2-7lJwoiKQz5xQ=\/767x0\/smart\/filters:format(webp)\/cloudfront-us-east-1.images.arcpublishing.com\/artear\/V3HTBKOZLJA4VLDK7UAPS7RZ4M.jpg\" alt=\"La novia de Valent\u00edn Barco (Foto:  @yaz.jaureguy\/Instagram)\"\/><figcaption>La novia de Valent\u00edn Barco (Foto: @yaz.jaureguy\/Instagram)<\/figcaption><\/figure>\n\n\n\n<h2 class=\"wp-block-heading\">Boca felicit\u00f3 a la Selecci\u00f3n argentina y se \u201colvid\u00f3\u201d de Valent\u00edn Barco<\/h2>\n\n\n\n<p>La\u00a0Selecci\u00f3n argentina Sub 23\u00a0logr\u00f3 la clasificaci\u00f3n a los Juegos Ol\u00edmpicos de Par\u00eds 2024 tras derrotar a Brasil, por 1-0 y los jugadores de Boca fueron parte fundamental del equipo.Por ese motivo,\u00a0<strong>la instituci\u00f3n Xeneize decidi\u00f3 felicitarlos con una foto en donde ignoraron a Valent\u00edn Barco.<\/strong><\/p>\n\n\n\n<p>\u201c\u00a1De #BocaPredio a Par\u00eds! Nicol\u00e1s Valentini, Leandro Brey, Cristian Medina y Ezequiel Fern\u00e1ndez clasificaron junto a la Selecci\u00f3n Argentina Sub 23 a los Juegos Ol\u00edmpicos de Par\u00eds 2024\u2033, dice la publicaci\u00f3n de la cuenta<em>&nbsp;Boca Predio<\/em>&nbsp;en donde se ve a los cuatro jugadores abrazados.<\/p>\n\n\n\n<figure class=\"wp-block-image\"><img decoding=\"async\" src=\"https:\/\/tn.com.ar\/resizer\/jHgkJFZpLvibREKK9flD0ohDD8s=\/767x0\/smart\/filters:format(webp)\/cloudfront-us-east-1.images.arcpublishing.com\/artear\/UE2MSGUOBRDWHONRFX7CU5SJ4Y.PNG\" alt=\"Boca felicit\u00f3 a la Selecci\u00f3n argentina y se \u201colvid\u00f3\u201d de Valent\u00edn Barco (Foto: Boca Predio).\"\/><figcaption>Boca felicit\u00f3 a la Selecci\u00f3n argentina y se \u201colvid\u00f3\u201d de Valent\u00edn Barco (Foto: Boca Predio).<\/figcaption><\/figure>\n","protected":false},"excerpt":{"rendered":"<p>Valent\u00edn Barco&nbsp;decidi\u00f3&nbsp;responderle a quienes lo criticaron&nbsp;tanto a \u00e9l como a la Selecci\u00f3n argentina mediante las redes sociales, luego de lo que fue ganarle a Brasil en el Preol\u00edmpico y asegurarse&hellip; <\/p>\n","protected":false},"author":12,"featured_media":125010,"comment_status":"closed","ping_status":"open","sticky":false,"template":"","format":"standard","meta":{"footnotes":""},"categories":[1],"tags":[],"class_list":["post-124996","post","type-post","status-publish","format-standard","has-post-thumbnail","hentry","category-informacion-general"],"_links":{"self":[{"href":"https:\/\/corrientesdetarde.com\/index.php\/wp-json\/wp\/v2\/posts\/124996","targetHints":{"allow":["GET"]}}],"collection":[{"href":"https:\/\/corrientesdetarde.com\/index.php\/wp-json\/wp\/v2\/posts"}],"about":[{"href":"https:\/\/corrientesdetarde.com\/index.php\/wp-json\/wp\/v2\/types\/post"}],"author":[{"embeddable":true,"href":"https:\/\/corrientesdetarde.com\/index.php\/wp-json\/wp\/v2\/users\/12"}],"replies":[{"embeddable":true,"href":"https:\/\/corrientesdetarde.com\/index.php\/wp-json\/wp\/v2\/comments?post=124996"}],"version-history":[{"count":2,"href":"https:\/\/corrientesdetarde.com\/index.php\/wp-json\/wp\/v2\/posts\/124996\/revisions"}],"predecessor-version":[{"id":125012,"href":"https:\/\/corrientesdetarde.com\/index.php\/wp-json\/wp\/v2\/posts\/124996\/revisions\/125012"}],"wp:featuredmedia":[{"embeddable":true,"href":"https:\/\/corrientesdetarde.com\/index.php\/wp-json\/wp\/v2\/media\/125010"}],"wp:attachment":[{"href":"https:\/\/corrientesdetarde.com\/index.php\/wp-json\/wp\/v2\/media?parent=124996"}],"wp:term":[{"taxonomy":"category","embeddable":true,"href":"https:\/\/corrientesdetarde.com\/index.php\/wp-json\/wp\/v2\/categories?post=124996"},{"taxonomy":"post_tag","embeddable":true,"href":"https:\/\/corrientesdetarde.com\/index.php\/wp-json\/wp\/v2\/tags?post=124996"}],"curies":[{"name":"wp","href":"https:\/\/api.w.org\/{rel}","templated":true}]}}