{"id":124997,"date":"2024-02-12T11:00:33","date_gmt":"2024-02-12T14:00:33","guid":{"rendered":"https:\/\/corrientesdetarde.com\/?p=124997"},"modified":"2024-02-12T11:00:45","modified_gmt":"2024-02-12T14:00:45","slug":"quien-era-kelvin-kiptum-el-joven-atleta-que-murio-en-la-ruta-cuando-iba-a-entrenar","status":"publish","type":"post","link":"https:\/\/corrientesdetarde.com\/index.php\/deportes\/quien-era-kelvin-kiptum-el-joven-atleta-que-murio-en-la-ruta-cuando-iba-a-entrenar\/","title":{"rendered":"Qui\u00e9n era Kelvin Kiptum, el joven atleta que muri\u00f3 en la ruta cuando iba a entrenar"},"content":{"rendered":"\n<p>El atleta\u00a0<strong>Kelvin Kiptum, poseedor del r\u00e9cord mundial de\u00a0marat\u00f3n, muri\u00f3 en un accidente de tr\u00e1nsito\u00a0<\/strong>en su pa\u00eds, junto con su entrenador Gervais Hakizimana, en la carretera que une Eldortet y Kaptagat.<\/p>\n\n\n\n<p>Las dos localidades est\u00e1n ubicadas en el Valle del Rift, destacadas por ser la zona en la que viven y entrenan la mayor\u00eda de los\u00a0fondistas\u00a0keniatas.<strong>\u00a0La noticia fue confirmada por la familia de Kiptum\u00a0<\/strong>y el comandante de la base de tr\u00e1fico, Dennis Muga.<\/p>\n\n\n\n<p><strong>Kiptum ten\u00eda tan s\u00f3lo 24 a\u00f1os<\/strong>\u00a0y hab\u00eda logrado destronar a Eliud Kipchoge en el r\u00e9cord del mundo de la distancia de 42k, con un tiempo de 2 horas, y 35 segundos en la marat\u00f3n de Chicago.<\/p>\n\n\n\n<h2 class=\"wp-block-heading\">Conmoci\u00f3n mundial<\/h2>\n\n\n\n<p><strong>El plusmarquista mundial de marat\u00f3n iba a intentar batir el r\u00e9cord nuevamente en la marat\u00f3n de Rotterdam<\/strong>, con la idea de ser el primer hombre en la historia del atletismo en correr por debajo de las dos horas.<\/p>\n\n\n\n<figure class=\"wp-block-image\"><img decoding=\"async\" src=\"https:\/\/tn.com.ar\/resizer\/sgAwqbBb9q0_KaUA_l0bXyqU5O4=\/767x0\/smart\/filters:format(webp)\/cloudfront-us-east-1.images.arcpublishing.com\/artear\/4D5R6Y33U74X44HNLVOJAN3KY4.jpg\" alt=\"Kiptum estableci\u00f3 el r\u00e9cord mundial de 42k en Chicago. (Credit: Jamie Sabau-USA TODAY Sports\/File Photo)\"\/><figcaption>Kiptum estableci\u00f3 el r\u00e9cord mundial de 42k en Chicago. (Credit: Jamie Sabau-USA TODAY Sports\/File Photo)Por:&nbsp;<strong>USA TODAY Sports via Reuters<\/strong><\/figcaption><\/figure>\n\n\n\n<figure class=\"wp-block-image\"><img decoding=\"async\" src=\"https:\/\/tn.com.ar\/resizer\/JxMPIaRMFRdUkv5gQXY1QwabxTI=\/767x0\/smart\/filters:format(webp)\/cloudfront-us-east-1.images.arcpublishing.com\/artear\/XHNTDI7DDXZLNA4FND2LDAS6IU.jpg\" alt=\"FILE PHOTO: Oct 8, 2023; Chicago, IL, USA; Kelvin Kiptum (KEN) celebrates after finishing in a world record time of 2:00:35 to win the Chicago Marathon at Grant Park. Mandatory Credit: Patrick Gorski-USA TODAY Sports\/File Photo\"\/><figcaption>FILE PHOTO: Oct 8, 2023; Chicago, IL, USA; Kelvin Kiptum (KEN) celebrates after finishing in a world record time of 2:00:35 to win the Chicago Marathon at Grant Park. Mandatory Credit: Patrick Gorski-USA TODAY Sports\/File PhotoPor:&nbsp;<strong>USA TODAY Sports via Reuters Con<\/strong><\/figcaption><\/figure>\n\n\n\n<p><strong>La planificaci\u00f3n del keniata se basaba en realizar con una carga de 270 kil\u00f3metros en total por semana.&nbsp;<\/strong>Hace pocas semanas se hab\u00eda dado a conocer el plan, ciertamente osado, con jornadas de carga de kil\u00f3metros intensas, alternando trabajos de series en la pista de atletismo con dobles turnos y fondos, como tambi\u00e9n d\u00edas en los que el atleta deb\u00eda salir \u201ca correr a ritmo de carrera\u201d.<\/p>\n\n\n\n<p>Al mismo tiempo,&nbsp;<strong>era el gran candidato a quedarse con la medalla de oro&nbsp;<\/strong>en los Juegos Ol\u00edmpicos de Par\u00eds 2024, el pr\u00f3ximo 10 de agosto, siendo el principal rival de su compatriota Eliud Kipchoge, ganador de las \u00faltimas dos medallas de oro en Rio 2016 y Tokyo 2020<\/p>\n\n\n\n<h2 class=\"wp-block-heading\">Las tres maratones<\/h2>\n\n\n\n<p>En su trayectoria,&nbsp;<strong>Kiptum hab\u00eda corrido tres maratones<\/strong>&nbsp;y en cada una hab\u00eda logrado bajar la marca. En diciembre de 2022, en la ciudad de&nbsp;<strong>Valencia<\/strong>, hab\u00eda debutado con 2 horas, 1 minuto y 53 segundos.<\/p>\n\n\n\n<p>Posteriormente,&nbsp;<strong>en abril, se hab\u00eda quedado con el triunfo en los 42k de Londres,&nbsp;<\/strong>cuando hab\u00eda cruzado la meta en 2 horas, 1 minuto y 25 segundos.<\/p>\n\n\n\n<p>Finalmente,&nbsp;<strong>en Chicago, logr\u00f3 sorprender al mundo al registrar el r\u00e9cord de la distancia<\/strong>, cruzando la meta en 2 horas y 35 segundos y destronando a Elid Kipchoge. Adem\u00e1s, en la distancia de medio marat\u00f3n, su mejor marca era de 58 minutos y 42 segundos en Valencia (en 2020).<\/p>\n","protected":false},"excerpt":{"rendered":"<p>El atleta\u00a0Kelvin Kiptum, poseedor del r\u00e9cord mundial de\u00a0marat\u00f3n, muri\u00f3 en un accidente de tr\u00e1nsito\u00a0en su pa\u00eds, junto con su entrenador Gervais Hakizimana, en la carretera que une Eldortet y Kaptagat.&hellip; <\/p>\n","protected":false},"author":12,"featured_media":125006,"comment_status":"closed","ping_status":"open","sticky":false,"template":"","format":"standard","meta":{"footnotes":""},"categories":[4,11],"tags":[],"class_list":["post-124997","post","type-post","status-publish","format-standard","has-post-thumbnail","hentry","category-deportes","category-internacionales"],"_links":{"self":[{"href":"https:\/\/corrientesdetarde.com\/index.php\/wp-json\/wp\/v2\/posts\/124997","targetHints":{"allow":["GET"]}}],"collection":[{"href":"https:\/\/corrientesdetarde.com\/index.php\/wp-json\/wp\/v2\/posts"}],"about":[{"href":"https:\/\/corrientesdetarde.com\/index.php\/wp-json\/wp\/v2\/types\/post"}],"author":[{"embeddable":true,"href":"https:\/\/corrientesdetarde.com\/index.php\/wp-json\/wp\/v2\/users\/12"}],"replies":[{"embeddable":true,"href":"https:\/\/corrientesdetarde.com\/index.php\/wp-json\/wp\/v2\/comments?post=124997"}],"version-history":[{"count":1,"href":"https:\/\/corrientesdetarde.com\/index.php\/wp-json\/wp\/v2\/posts\/124997\/revisions"}],"predecessor-version":[{"id":125007,"href":"https:\/\/corrientesdetarde.com\/index.php\/wp-json\/wp\/v2\/posts\/124997\/revisions\/125007"}],"wp:featuredmedia":[{"embeddable":true,"href":"https:\/\/corrientesdetarde.com\/index.php\/wp-json\/wp\/v2\/media\/125006"}],"wp:attachment":[{"href":"https:\/\/corrientesdetarde.com\/index.php\/wp-json\/wp\/v2\/media?parent=124997"}],"wp:term":[{"taxonomy":"category","embeddable":true,"href":"https:\/\/corrientesdetarde.com\/index.php\/wp-json\/wp\/v2\/categories?post=124997"},{"taxonomy":"post_tag","embeddable":true,"href":"https:\/\/corrientesdetarde.com\/index.php\/wp-json\/wp\/v2\/tags?post=124997"}],"curies":[{"name":"wp","href":"https:\/\/api.w.org\/{rel}","templated":true}]}}