{"id":125024,"date":"2024-02-12T11:24:30","date_gmt":"2024-02-12T14:24:30","guid":{"rendered":"https:\/\/corrientesdetarde.com\/?p=125024"},"modified":"2024-02-12T11:24:57","modified_gmt":"2024-02-12T14:24:57","slug":"se-supo-de-que-murio-carl-weathers-el-actor-de-rocky","status":"publish","type":"post","link":"https:\/\/corrientesdetarde.com\/index.php\/espectaculos\/se-supo-de-que-murio-carl-weathers-el-actor-de-rocky\/","title":{"rendered":"Se supo de qu\u00e9 muri\u00f3 Carl Weathers, el actor de Rocky"},"content":{"rendered":"\n<p>Varios d\u00edas despu\u00e9s de la sorpresiva muerte del actor\u00a0<strong>Carl Weathers<\/strong>, que se hizo mundialmente famoso gracias a su interpretaci\u00f3n de\u00a0<strong>Apollo Creed<\/strong>\u00a0en la saga\u00a0<em><strong>Rocky<\/strong><\/em>,\u00a0<strong>se conoci\u00f3 la causa de lo que provoc\u00f3\u00a0su fallecimiento a los 76 a\u00f1os.<\/strong><\/p>\n\n\n\n<p>De acuerdo al certificado de defunci\u00f3n que consigui\u00f3 el medio<em>\u00a0The Blast<\/em>,<strong>\u00a0Carl Weathers\u00a0<\/strong>falleci\u00f3 debido a una enfermedad del coraz\u00f3n que sufr\u00eda desde hac\u00eda a\u00f1os. Por eso, decretaron que\u00a0<strong>su muerte fue \u201cnatural\u201d.<\/strong><\/p>\n\n\n\n<p>Seg\u00fan el documento que public\u00f3 ese portal,&nbsp;<strong>Carl Weathers<\/strong>&nbsp;muri\u00f3 en su casa de Venice, California, el 2 de febrero de 2024 a las 12.18. El hijo del actor,&nbsp;<strong>Matthew Weathers<\/strong>, fue la persona notificada del fallecimiento, agreg\u00f3 el escrito.<\/p>\n\n\n\n<p>El texto indic\u00f3 que lo que sufr\u00eda Weathers y que signific\u00f3 la causa de su muerte fue la&nbsp;<strong>enfermedad cardiovascular ateroscler\u00f3tica.<\/strong>&nbsp;La afecci\u00f3n produce una acumulaci\u00f3n de grasas y colesterol dentro de las arterias que provoca el estrechamiento de esos canales con el consecuente<strong>&nbsp;bloqueo sangu\u00edneo.<\/strong><\/p>\n\n\n\n<figure class=\"wp-block-image\"><img decoding=\"async\" src=\"https:\/\/tn.com.ar\/resizer\/aPVbEdEmjWtuHoisBehtLoX95RA=\/767x0\/smart\/filters:format(webp)\/cloudfront-us-east-1.images.arcpublishing.com\/artear\/MORLBGDO6ZALVOJ7DIZ26DE3AA.JPG\" alt=\"Carl Weathers en &quot;The Mandalorian&quot;. (Foto: Disney+)\"\/><figcaption>Carl Weathers en &#8220;The Mandalorian&#8221;. (Foto: Disney+)<\/figcaption><\/figure>\n\n\n\n<p>Trascendi\u00f3, adem\u00e1s, a trav\u00e9s de&nbsp;<em>The Blast<\/em>&nbsp;que como ya se determin\u00f3 lo que ocurri\u00f3 a nivel investigativo, al cuerpo del actor lo van a cremar y su familia pidi\u00f3 llevarse&nbsp;<strong>las cenizas<\/strong>&nbsp;una vez concretado el proceso.<\/p>\n\n\n\n<p><strong>\u201cNos entristece profundamente anunciar el fallecimiento de Carl Weathers.&nbsp;<\/strong>Fue un ser humano excepcional que vivi\u00f3 una vida extraordinaria. A trav\u00e9s de sus contribuciones al cine, la televisi\u00f3n, las artes y los deportes, ha dejado una huella imborrable y es reconocido en todo el mundo y de generaci\u00f3n en generaci\u00f3n. Era un querido hermano, padre, abuelo, socio y amigo\u201d, escribi\u00f3 la familia, en el momento de dar a conocer la triste noticia.<\/p>\n\n\n\n<h2 class=\"wp-block-heading\">Qui\u00e9n era Carl Weathers, el actor que encarn\u00f3 a Apollo Creed en \u201cRocky\u201d<\/h2>\n\n\n\n<p><strong>Carl Weathers hab\u00eda nacido&nbsp;<\/strong>el 14 de enero de 1948 en Nueva Orleans. Durante sus 50 a\u00f1os de carrera cinematogr\u00e1fica,&nbsp;<strong>apareci\u00f3 en m\u00e1s de 75 pel\u00edculas y programas de televisi\u00f3n.<\/strong><\/p>\n\n\n\n<p>Uno de sus \u00faltimos trabajos fue en la serie de Disney+&nbsp;<em>The Mandalorian<\/em>, en donde interpret\u00f3 a&nbsp;<strong>Greef Karga<\/strong>, el jefe del Bounty Hunters Guild. En 2021, Weathers fue nominado al Emmy 2021 por su papel y tambi\u00e9n&nbsp;<strong>dirigi\u00f3 un par de episodios de la serie en las temporadas 2 y 3<\/strong>.<\/p>\n\n\n\n<p>El actor tambi\u00e9n<strong>&nbsp;prest\u00f3 su voz a Combat Carl en&nbsp;<\/strong><em><strong>Toy Story 4<\/strong><\/em><em>.&nbsp;<\/em>Adem\u00e1s pudimos verlo como protagonista de<em><strong>&nbsp;Action Jackson<\/strong><\/em>, que se produjo despu\u00e9s del \u00e9xito de&nbsp;<em><strong>Predator<\/strong><\/em>.<\/p>\n\n\n\n<figure class=\"wp-block-image\"><img decoding=\"async\" src=\"https:\/\/tn.com.ar\/resizer\/1ULXvukvi47zv0Yfy0gjSpej410=\/767x0\/smart\/filters:format(webp)\/cloudfront-us-east-1.images.arcpublishing.com\/artear\/Q4TYKS5RYFDMHOO2SNYBJJHNGA.JPG\" alt=\"Apollo Creed y Rocky Balboa en &quot;Rocky&quot; (Foto: Chartoff-Winkler Productions)\"\/><figcaption>Apollo Creed y Rocky Balboa en &#8220;Rocky&#8221; (Foto: Chartoff-Winkler Productions)<\/figcaption><\/figure>\n\n\n\n<p>El rol por el cual todo el mundo lo conoce fue uno de los personajes secundarios m\u00e1s importantes del cine: Apollo Creed.&nbsp;<strong>Weathers encarn\u00f3 al campe\u00f3n mundial de peso pesado&nbsp;<\/strong>que enfrent\u00f3 a Rocky Balboa en&nbsp;<em>Rocky.<\/em><\/p>\n\n\n\n<p>Luego, repiti\u00f3 el papel en\u00a0<em>Rocky II<\/em>\u00a0(1979), que incluy\u00f3 una revancha por el t\u00edtulo con Balboa, y\u00a0<em>Rocky III<\/em>\u00a0de 1982, donde se pele\u00f3 con Clubber Lang (Mr. T). La \u00faltima pel\u00edcula de Creed en la franquicia fue\u00a0<em>Rocky IV<\/em>\u00a0(1985), donde el personaje fue asesinado en el ring por el peso pesado ruso\u00a0<strong>Ivan Drago (Dolph Lundgren)<\/strong>.<\/p>\n\n\n\n<p><strong>Derick \u201cChubbs\u201d Peterson<\/strong>&nbsp;fue otra de las interpretaciones memorables de Weathers, quien se luci\u00f3 en&nbsp;<em>Happy Gilmore<\/em>&nbsp;junto a Adam Sandler. En el film interpretaba a un entrenador de golf que se vio obligado a abandonar el tour despu\u00e9s de perder la mano a causa de un caim\u00e1n.<\/p>\n","protected":false},"excerpt":{"rendered":"<p>Varios d\u00edas despu\u00e9s de la sorpresiva muerte del actor\u00a0Carl Weathers, que se hizo mundialmente famoso gracias a su interpretaci\u00f3n de\u00a0Apollo Creed\u00a0en la saga\u00a0Rocky,\u00a0se conoci\u00f3 la causa de lo que provoc\u00f3\u00a0su&hellip; <\/p>\n","protected":false},"author":12,"featured_media":125025,"comment_status":"closed","ping_status":"open","sticky":false,"template":"","format":"standard","meta":{"footnotes":""},"categories":[19],"tags":[],"class_list":["post-125024","post","type-post","status-publish","format-standard","has-post-thumbnail","hentry","category-espectaculos"],"_links":{"self":[{"href":"https:\/\/corrientesdetarde.com\/index.php\/wp-json\/wp\/v2\/posts\/125024","targetHints":{"allow":["GET"]}}],"collection":[{"href":"https:\/\/corrientesdetarde.com\/index.php\/wp-json\/wp\/v2\/posts"}],"about":[{"href":"https:\/\/corrientesdetarde.com\/index.php\/wp-json\/wp\/v2\/types\/post"}],"author":[{"embeddable":true,"href":"https:\/\/corrientesdetarde.com\/index.php\/wp-json\/wp\/v2\/users\/12"}],"replies":[{"embeddable":true,"href":"https:\/\/corrientesdetarde.com\/index.php\/wp-json\/wp\/v2\/comments?post=125024"}],"version-history":[{"count":2,"href":"https:\/\/corrientesdetarde.com\/index.php\/wp-json\/wp\/v2\/posts\/125024\/revisions"}],"predecessor-version":[{"id":125027,"href":"https:\/\/corrientesdetarde.com\/index.php\/wp-json\/wp\/v2\/posts\/125024\/revisions\/125027"}],"wp:featuredmedia":[{"embeddable":true,"href":"https:\/\/corrientesdetarde.com\/index.php\/wp-json\/wp\/v2\/media\/125025"}],"wp:attachment":[{"href":"https:\/\/corrientesdetarde.com\/index.php\/wp-json\/wp\/v2\/media?parent=125024"}],"wp:term":[{"taxonomy":"category","embeddable":true,"href":"https:\/\/corrientesdetarde.com\/index.php\/wp-json\/wp\/v2\/categories?post=125024"},{"taxonomy":"post_tag","embeddable":true,"href":"https:\/\/corrientesdetarde.com\/index.php\/wp-json\/wp\/v2\/tags?post=125024"}],"curies":[{"name":"wp","href":"https:\/\/api.w.org\/{rel}","templated":true}]}}