{"id":125100,"date":"2024-02-12T18:26:06","date_gmt":"2024-02-12T21:26:06","guid":{"rendered":"https:\/\/corrientesdetarde.com\/?p=125100"},"modified":"2024-02-12T18:26:18","modified_gmt":"2024-02-12T21:26:18","slug":"un-hombre-termino-con-graves-quemaduras-en-el-cuerpo-por-robar-cables","status":"publish","type":"post","link":"https:\/\/corrientesdetarde.com\/index.php\/policiales\/un-hombre-termino-con-graves-quemaduras-en-el-cuerpo-por-robar-cables\/","title":{"rendered":"Un hombre termin\u00f3 con graves quemaduras en el cuerpo por robar cables."},"content":{"rendered":"\n<h2 class=\"wp-block-heading\">Ocurri\u00f3 el domingo pasado en avenida Presidente Per\u00f3n al 6000. El delincuente sufri\u00f3 quemaduras severas y su estado es \u201ccr\u00edtico\u201d, seg\u00fan confirmaron desde el Hospital de Emergencias Clemente \u00c1lvarez.<\/h2>\n\n\n\n<p>Un joven de 20 a\u00f1os se electrocut\u00f3 al intentar robar cables subterr\u00e1neos de alta tensi\u00f3n en la zona sudoeste de Rosario y se encontraba internado en estado cr\u00edtico con el 90% de su cuerpo quemado, informaron hoy fuentes policiales y judiciales.<\/p>\n\n\n\n<p>El hecho ocurri\u00f3 ayer poco antes de las 20 en Presidente Per\u00f3n al 6100, en una zanja abierta de la Empresa Provincial de la Energ\u00eda (EPE), por donde pasan cables de alta tensi\u00f3n. El joven, identificado por la polic\u00eda como Ezequiel C. (20), se introdujo en la zanja para robar los cables cuando recibi\u00f3 una descarga el\u00e9ctrica que le provoc\u00f3 graves quemaduras.<\/p>\n\n\n\n<figure class=\"wp-block-image\"><a href=\"https:\/\/www.radiosudamericana.com\/notix\/multimedia\/imagenes\/fotos\/2024-02-12\/819103.jpg\"><img decoding=\"async\" src=\"https:\/\/www.radiosudamericana.com\/notix\/multimedia\/imagenes\/fotos\/2024-02-12\/819103.jpg_nota.jpg\" alt=\"\"\/><\/a><\/figure>\n\n\n\n<p>El joven debi\u00f3 ser derivado para su atenci\u00f3n al hospital de Emergencias Clemente \u00c1lvarez (Heca) desde donde informaron que ingres\u00f3 con el 90 por ciento del cuerpo quemado y que se encontraba en terapia intensiva con un cuadro &#8220;cr\u00edtico&#8221;. Su hermano, un hombre de 34 a\u00f1os c\u00f3mplice del robo, result\u00f3 ileso y fue detenido por la Polic\u00eda.<\/p>\n\n\n\n<p>El 11 de enero pasado, un hombre falleci\u00f3 electrocutado cuando aparentemente se encontraba robando cables del tendido el\u00e9ctrico en la zona sur de Rosario. El robo de cables es un delito que va en aumento en Rosario y seg\u00fan las estad\u00edsticas del Ministerio de Justicia y Seguridad santafesino publicadas esta semana, solo en enero se registraron 95 detenidos -87 fueron hombres y 8 mujeres- por ese delito.<\/p>\n","protected":false},"excerpt":{"rendered":"<p>Ocurri\u00f3 el domingo pasado en avenida Presidente Per\u00f3n al 6000. El delincuente sufri\u00f3 quemaduras severas y su estado es \u201ccr\u00edtico\u201d, seg\u00fan confirmaron desde el Hospital de Emergencias Clemente \u00c1lvarez. Un&hellip; <\/p>\n","protected":false},"author":6,"featured_media":125101,"comment_status":"closed","ping_status":"open","sticky":false,"template":"","format":"standard","meta":{"footnotes":""},"categories":[33],"tags":[],"class_list":["post-125100","post","type-post","status-publish","format-standard","has-post-thumbnail","hentry","category-policiales"],"_links":{"self":[{"href":"https:\/\/corrientesdetarde.com\/index.php\/wp-json\/wp\/v2\/posts\/125100","targetHints":{"allow":["GET"]}}],"collection":[{"href":"https:\/\/corrientesdetarde.com\/index.php\/wp-json\/wp\/v2\/posts"}],"about":[{"href":"https:\/\/corrientesdetarde.com\/index.php\/wp-json\/wp\/v2\/types\/post"}],"author":[{"embeddable":true,"href":"https:\/\/corrientesdetarde.com\/index.php\/wp-json\/wp\/v2\/users\/6"}],"replies":[{"embeddable":true,"href":"https:\/\/corrientesdetarde.com\/index.php\/wp-json\/wp\/v2\/comments?post=125100"}],"version-history":[{"count":1,"href":"https:\/\/corrientesdetarde.com\/index.php\/wp-json\/wp\/v2\/posts\/125100\/revisions"}],"predecessor-version":[{"id":125102,"href":"https:\/\/corrientesdetarde.com\/index.php\/wp-json\/wp\/v2\/posts\/125100\/revisions\/125102"}],"wp:featuredmedia":[{"embeddable":true,"href":"https:\/\/corrientesdetarde.com\/index.php\/wp-json\/wp\/v2\/media\/125101"}],"wp:attachment":[{"href":"https:\/\/corrientesdetarde.com\/index.php\/wp-json\/wp\/v2\/media?parent=125100"}],"wp:term":[{"taxonomy":"category","embeddable":true,"href":"https:\/\/corrientesdetarde.com\/index.php\/wp-json\/wp\/v2\/categories?post=125100"},{"taxonomy":"post_tag","embeddable":true,"href":"https:\/\/corrientesdetarde.com\/index.php\/wp-json\/wp\/v2\/tags?post=125100"}],"curies":[{"name":"wp","href":"https:\/\/api.w.org\/{rel}","templated":true}]}}