{"id":125194,"date":"2024-02-13T09:59:20","date_gmt":"2024-02-13T12:59:20","guid":{"rendered":"https:\/\/corrientesdetarde.com\/?p=125194"},"modified":"2024-02-13T09:59:21","modified_gmt":"2024-02-13T12:59:21","slug":"fotos-de-algunas-especies-de-aves-poco-conocidas-y-que-habitan-en-corrientes","status":"publish","type":"post","link":"https:\/\/corrientesdetarde.com\/index.php\/medio-ambiente\/fotos-de-algunas-especies-de-aves-poco-conocidas-y-que-habitan-en-corrientes\/","title":{"rendered":"Fotos de algunas especies de aves poco conocidas y que habitan en Corrientes"},"content":{"rendered":"\n<p>El estudio centr\u00f3 su inter\u00e9s en las selvas costeras que acompa\u00f1an el r\u00edo Uruguay, en varias localidades del este correntino.<\/p>\n\n\n\n<p>Dos ornit\u00f3logos actualizaron la presencia y distribuci\u00f3n de 9 especies de aves para la provincia de Corrientes, partiendo de antiguas localidades donde anta\u00f1o fueron citadas. Brindaron registros en nuevas localidades, y discutieron, en un art\u00edculo publicado por la revista Nuestras Aves, el estatus de abundancia y estacionalidad.<\/p>\n\n\n\n<p>La informaci\u00f3n presentada extiende hacia el sur la distribuci\u00f3n provincial y nacional de estas especies.<\/p>\n\n\n\n<p>Las especies son&nbsp;el Picolezna Rojizo (<em>Xenops rutilans<\/em>), el Tuer\u00e9 Chico (<em>Tityra inquisitor<\/em>), Tuer\u00e9 Grande (<em>Tityra cayana<\/em>), el Anamb\u00e9 Casta\u00f1o (<em>Pachyramphus castaneus<\/em>), el Picochato Grande (<em>Tolmomyias sulphurescens<\/em>), el Fiof\u00edo Corona Dorada (<em>Myiopagis viridicata<\/em>), la Mosqueta Tacuarera (<em>Capsiempis flaveola<\/em>), la Tacuarita Blanca (<em>Polioptila lactea<\/em>) y la Cigarra (<em>Haplospiza unicolor<\/em>).<\/p>\n\n\n\n<p>La investigaci\u00f3n fue realizada por&nbsp;Alejandro Bodrati y&nbsp;Facundo G. Di Sallo. Concretaron&nbsp;24 viajes a 10 localidades del noreste y este de la provincia de Corrientes realizando prospecciones ornitol\u00f3gicas enfocadas en la b\u00fasqueda de especie raras o amenazadas como el Carpinterito Ocr\u00e1ceo (<em>Picumnus nebulosus<\/em>) y el Alilicucu Ribere\u00f1o (<em>Megascops sanctaecatarinae<\/em>). Centraron su inter\u00e9s&nbsp;en las selvas costeras que acompa\u00f1an el r\u00edo Uruguay, en varias localidades del este correntino.&nbsp;<\/p>\n\n\n\n<figure class=\"wp-block-image\"><img decoding=\"async\" src=\"https:\/\/pxc.cdn.ellitoral.com.ar\/litoral\/022024\/1707744905945\/picolezna.webp?cw=591&amp;ch=491&amp;extw=jpg\" alt=\"Fotos de algunas especies de aves poco conocidas y que habitan en Corrientes\"\/><\/figure>\n\n\n\n<p>Individuo de Picolezna Rojizo (<em>Xenops rutilans<\/em>) observado el 23 de agosto de 2022 en la Estancia La Blanca, provincia de Corrientes, Argentina Fotograf\u00eda: Di Sallo F.<\/p>\n\n\n\n<hr class=\"wp-block-separator has-alpha-channel-opacity\"\/>\n\n\n\n<figure class=\"wp-block-image\"><img decoding=\"async\" src=\"https:\/\/pxc.cdn.ellitoral.com.ar\/litoral\/022024\/1707745682369\/anambe%20casta%C3%B1o.webp?cw=592&amp;ch=434&amp;extw=jpg\" alt=\"Fotos de algunas especies de aves poco conocidas y que habitan en Corrientes\"\/><\/figure>\n\n\n\n<p>Individuo de Anamb\u00e9 Casta\u00f1o (<em>Pachyramphus castaneus<\/em>) observado el 21 de agosto de 2022 en la desembocadura del arroyo Guavirav\u00ed en el r\u00edo Uruguay, aproximadamente 3 km al sur de la localidad de Yapey\u00fa, Corrientes, Argentina. Fotograf\u00eda: Di Sallo F.<\/p>\n\n\n\n<hr class=\"wp-block-separator has-alpha-channel-opacity\"\/>\n\n\n\n<figure class=\"wp-block-image size-full\"><img loading=\"lazy\" decoding=\"async\" width=\"680\" height=\"496\" src=\"https:\/\/corrientesdetarde.com\/wp-content\/uploads\/2024\/02\/1-1.webp\" alt=\"\" class=\"wp-image-125208\" srcset=\"https:\/\/corrientesdetarde.com\/wp-content\/uploads\/2024\/02\/1-1.webp 680w, https:\/\/corrientesdetarde.com\/wp-content\/uploads\/2024\/02\/1-1-300x219.webp 300w\" sizes=\"auto, (max-width: 680px) 100vw, 680px\" \/><\/figure>\n\n\n\n<p>Mosqueta Ceja Amarilla (<em>Capsiempis flaveola<\/em>) observado el 20 de agosto de 2022 en la selva en galer\u00eda del r\u00edo Uruguay, aproximadamente 2,5 km al sur de la localidad de Yapey\u00fa, Corrientes, Argentina. Fotografia: Di Sallo F.<\/p>\n\n\n\n<hr class=\"wp-block-separator has-alpha-channel-opacity\"\/>\n\n\n\n<figure class=\"wp-block-image size-full\"><img loading=\"lazy\" decoding=\"async\" width=\"599\" height=\"478\" src=\"https:\/\/corrientesdetarde.com\/wp-content\/uploads\/2024\/02\/tacuarita.webp\" alt=\"\" class=\"wp-image-125206\" srcset=\"https:\/\/corrientesdetarde.com\/wp-content\/uploads\/2024\/02\/tacuarita.webp 599w, https:\/\/corrientesdetarde.com\/wp-content\/uploads\/2024\/02\/tacuarita-300x239.webp 300w\" sizes=\"auto, (max-width: 599px) 100vw, 599px\" \/><\/figure>\n\n\n\n<p>Individuo de Tacuarita Blanca (<em>Polioptila lactea<\/em>) observado el 22 de agosto 2022 en la Estancia La Blanca, Corrientes, Argentina. Fotograf\u00eda: Di Sallo F.<\/p>\n\n\n\n<hr class=\"wp-block-separator has-alpha-channel-opacity\"\/>\n\n\n\n<figure class=\"wp-block-image size-full\"><img loading=\"lazy\" decoding=\"async\" width=\"709\" height=\"508\" src=\"https:\/\/corrientesdetarde.com\/wp-content\/uploads\/2024\/02\/negras.webp\" alt=\"\" class=\"wp-image-125205\" srcset=\"https:\/\/corrientesdetarde.com\/wp-content\/uploads\/2024\/02\/negras.webp 709w, https:\/\/corrientesdetarde.com\/wp-content\/uploads\/2024\/02\/negras-300x215.webp 300w\" sizes=\"auto, (max-width: 709px) 100vw, 709px\" \/><\/figure>\n\n\n\n<p>Cigarra (<em>Haplospiza unicolor<\/em>) vocalizando sobre el culmo florecido de una yatevo (Guadua trinii) el 13 de septiembre de 2016 en la Estancia La Blanca, Corrientes, Argentina. Fotografia: Pagano L.<\/p>\n","protected":false},"excerpt":{"rendered":"<p>El estudio centr\u00f3 su inter\u00e9s en las selvas costeras que acompa\u00f1an el r\u00edo Uruguay, en varias localidades del este correntino. Dos ornit\u00f3logos actualizaron la presencia y distribuci\u00f3n de 9 especies&hellip; <\/p>\n","protected":false},"author":3,"featured_media":125202,"comment_status":"closed","ping_status":"open","sticky":false,"template":"","format":"standard","meta":{"footnotes":""},"categories":[6],"tags":[],"class_list":["post-125194","post","type-post","status-publish","format-standard","has-post-thumbnail","hentry","category-medio-ambiente"],"_links":{"self":[{"href":"https:\/\/corrientesdetarde.com\/index.php\/wp-json\/wp\/v2\/posts\/125194","targetHints":{"allow":["GET"]}}],"collection":[{"href":"https:\/\/corrientesdetarde.com\/index.php\/wp-json\/wp\/v2\/posts"}],"about":[{"href":"https:\/\/corrientesdetarde.com\/index.php\/wp-json\/wp\/v2\/types\/post"}],"author":[{"embeddable":true,"href":"https:\/\/corrientesdetarde.com\/index.php\/wp-json\/wp\/v2\/users\/3"}],"replies":[{"embeddable":true,"href":"https:\/\/corrientesdetarde.com\/index.php\/wp-json\/wp\/v2\/comments?post=125194"}],"version-history":[{"count":1,"href":"https:\/\/corrientesdetarde.com\/index.php\/wp-json\/wp\/v2\/posts\/125194\/revisions"}],"predecessor-version":[{"id":125243,"href":"https:\/\/corrientesdetarde.com\/index.php\/wp-json\/wp\/v2\/posts\/125194\/revisions\/125243"}],"wp:featuredmedia":[{"embeddable":true,"href":"https:\/\/corrientesdetarde.com\/index.php\/wp-json\/wp\/v2\/media\/125202"}],"wp:attachment":[{"href":"https:\/\/corrientesdetarde.com\/index.php\/wp-json\/wp\/v2\/media?parent=125194"}],"wp:term":[{"taxonomy":"category","embeddable":true,"href":"https:\/\/corrientesdetarde.com\/index.php\/wp-json\/wp\/v2\/categories?post=125194"},{"taxonomy":"post_tag","embeddable":true,"href":"https:\/\/corrientesdetarde.com\/index.php\/wp-json\/wp\/v2\/tags?post=125194"}],"curies":[{"name":"wp","href":"https:\/\/api.w.org\/{rel}","templated":true}]}}