{"id":125237,"date":"2024-02-13T09:57:30","date_gmt":"2024-02-13T12:57:30","guid":{"rendered":"https:\/\/corrientesdetarde.com\/?p=125237"},"modified":"2024-02-13T21:16:42","modified_gmt":"2024-02-14T00:16:42","slug":"aseguran-que-por-la-crisis-se-duplicaron-los-casos-de-depresion","status":"publish","type":"post","link":"https:\/\/corrientesdetarde.com\/index.php\/bienestar-y-salud\/aseguran-que-por-la-crisis-se-duplicaron-los-casos-de-depresion\/","title":{"rendered":"Aseguran que por la crisis se duplicaron los casos de depresi\u00f3n"},"content":{"rendered":"\n<p>(FUENTE INFOGEI) &#8211; La crisis econ\u00f3mica que atraviesa la Rep\u00fablica Argentina no afecta s\u00f3lo al bolsillo y al poder adquisitivo de la gente, tambi\u00e9n lo hace a la salud. As\u00ed, seg\u00fan una informaci\u00f3n a la que accedi\u00f3 La Vanguardia, las consultas en la ciudad por problemas de ansiedad o depresi\u00f3n relacionadas con la mala situaci\u00f3n econ\u00f3mica se han duplicado. En ese contexto, se observa hoy un notable incremento en las consultas en el \u00e1rea de Salud Mental del Hospital Municipal -de personas de distintas edades-, seg\u00fan lo confirm\u00f3 INFOGEI la psic\u00f3loga Ver\u00f3nica Cerono, jefa del servicio en el centro local.<\/p>\n\n\n\n<p>La psic\u00f3loga Ver\u00f3nica Cerono se\u00f1al\u00f3 a LV que, en t\u00e9rminos estad\u00edsticos, la cantidad de ingresos diarios de pacientes en el \u00e1rea de Salud Mental ha aumentado significativamente. De dos ingresos diarios que sol\u00edan registrarse, actualmente se est\u00e1n recibiendo entre 5 y 6 ingresos por d\u00eda, lo que refleja un aumento marcado en la demanda de atenci\u00f3n en salud mental. \u201cMucha gente se queda sin cobertura y por eso notamos un incremento, por ejemplo, del 25 % en las consultas ambulatorias y un gran aumento en emergencias. Muchas de esos pacientes son tambi\u00e9n personas que dejan los tratamientos con psicof\u00e1rmacos -son altamente costosos -entre 30 y 35 mil pesos- porque no pueden pagar la parte que no cubre la obra social\u201d, se\u00f1al\u00f3.<\/p>\n\n\n\n<p>Las consultas en Balcarce est\u00e1n relacionadas con casos de ansiedad panicosa, depresi\u00f3n, as\u00ed como brotes psic\u00f3ticos y trastornos de control de impulsos, estos dos \u00faltimos vinculados al consumo de sustancias prohibidas como la marihuana, la coca\u00edna y tambi\u00e9n aparece el alcohol. \u201cEstamos tratando de dar respuesta a toda esa demanda, y trabajando junto al equipo para encontrar una soluci\u00f3n a cada caso en lo particular. Vemos y creemos que, por las condiciones actuales y probablemente futuras, esta situaci\u00f3n se va a ir agudizando en el tiempo\u201d, manifest\u00f3 Cerono.<\/p>\n\n\n\n<p>Frente a esta situaci\u00f3n, es importante que el Hospital Municipal pueda seguir brindando atenci\u00f3n y contenci\u00f3n a las personas afectadas por la crisis econ\u00f3mica, y se resalt\u00f3 la necesidad de fortalecer los recursos y servicios en el \u00e1rea de salud mental para poder dar una respuesta efectiva a esta creciente demanda.<\/p>\n\n\n\n<p>Aumento de consultas<\/p>\n\n\n\n<p>El aumento en las consultas en el \u00e1rea de salud mental en Balcarce es, en esta coyuntura, una se\u00f1al clara de los impactos psicol\u00f3gicos que la crisis econ\u00f3mica est\u00e1 teniendo en nuestra comunidad.<\/p>\n\n\n\n<p>La crisis ha llegado -aunque es en Argentina un fen\u00f3meno de larga data- en un momento delicado para la salud p\u00fablica. La recesi\u00f3n parece haber empujado una suerte de pieza de domin\u00f3 provocando una reacci\u00f3n en cadena. Conforme crece el desempleo y las dificultades de las familias para acceder a las condiciones b\u00e1sicas, fallan las redes de protecci\u00f3n social, se reducen los ahorros y disminuye el gasto en salud. As\u00ed se genera un espiral de aumento de la ansiedad en la poblaci\u00f3n y las enfermedades mentales, como registra y confirma el \u00e1rea de Salud Mental del Hospital de Balcarce.<\/p>\n\n\n\n<p>Los s\u00edntomas para tener en cuenta que alertan sobre la depresi\u00f3n<\/p>\n\n\n\n<p>Definici\u00f3n: seg\u00fan el Diccionario de la Lengua Espa\u00f1ola, la depresi\u00f3n es un &#8220;s\u00edndrome caracterizado por una tristeza profunda e inmotivada y por la inhibici\u00f3n de todas las funciones ps\u00edquicas&#8221;. En los libros de medicina, la definici\u00f3n es m\u00e1s compleja, pero dice m\u00e1s o menos lo mismo.<\/p>\n\n\n\n<p>S\u00edntomas: des\u00e1nimo, falta de goce, disminuci\u00f3n de la autoestima, falta o exceso de apetito, trastornos del sue\u00f1o, dificultades sexuales y\/o alimentarias, p\u00e9rdida de inter\u00e9s, falta de energ\u00eda, fatiga, sentimientos de inutilidad, autorreproches e ideas autoagresivas. En los ni\u00f1os y adolescentes el estado de \u00e1nimo puede ser irritable.(InfoGEI)<\/p>\n","protected":false},"excerpt":{"rendered":"<p>(FUENTE INFOGEI) &#8211; La crisis econ\u00f3mica que atraviesa la Rep\u00fablica Argentina no afecta s\u00f3lo al bolsillo y al poder adquisitivo de la gente, tambi\u00e9n lo hace a la salud. As\u00ed,&hellip; <\/p>\n","protected":false},"author":11,"featured_media":125238,"comment_status":"closed","ping_status":"open","sticky":false,"template":"","format":"standard","meta":{"footnotes":""},"categories":[16],"tags":[107,1589,1590],"class_list":["post-125237","post","type-post","status-publish","format-standard","has-post-thumbnail","hentry","category-bienestar-y-salud","tag-crisis","tag-depresion","tag-infogei"],"_links":{"self":[{"href":"https:\/\/corrientesdetarde.com\/index.php\/wp-json\/wp\/v2\/posts\/125237","targetHints":{"allow":["GET"]}}],"collection":[{"href":"https:\/\/corrientesdetarde.com\/index.php\/wp-json\/wp\/v2\/posts"}],"about":[{"href":"https:\/\/corrientesdetarde.com\/index.php\/wp-json\/wp\/v2\/types\/post"}],"author":[{"embeddable":true,"href":"https:\/\/corrientesdetarde.com\/index.php\/wp-json\/wp\/v2\/users\/11"}],"replies":[{"embeddable":true,"href":"https:\/\/corrientesdetarde.com\/index.php\/wp-json\/wp\/v2\/comments?post=125237"}],"version-history":[{"count":1,"href":"https:\/\/corrientesdetarde.com\/index.php\/wp-json\/wp\/v2\/posts\/125237\/revisions"}],"predecessor-version":[{"id":125239,"href":"https:\/\/corrientesdetarde.com\/index.php\/wp-json\/wp\/v2\/posts\/125237\/revisions\/125239"}],"wp:featuredmedia":[{"embeddable":true,"href":"https:\/\/corrientesdetarde.com\/index.php\/wp-json\/wp\/v2\/media\/125238"}],"wp:attachment":[{"href":"https:\/\/corrientesdetarde.com\/index.php\/wp-json\/wp\/v2\/media?parent=125237"}],"wp:term":[{"taxonomy":"category","embeddable":true,"href":"https:\/\/corrientesdetarde.com\/index.php\/wp-json\/wp\/v2\/categories?post=125237"},{"taxonomy":"post_tag","embeddable":true,"href":"https:\/\/corrientesdetarde.com\/index.php\/wp-json\/wp\/v2\/tags?post=125237"}],"curies":[{"name":"wp","href":"https:\/\/api.w.org\/{rel}","templated":true}]}}