{"id":125557,"date":"2024-02-14T20:06:44","date_gmt":"2024-02-14T23:06:44","guid":{"rendered":"https:\/\/corrientesdetarde.com\/?p=125557"},"modified":"2024-02-14T20:06:48","modified_gmt":"2024-02-14T23:06:48","slug":"el-ministerio-de-educacion-de-corrientes-convoco-a-los-gremios-docentes-para-manana","status":"publish","type":"post","link":"https:\/\/corrientesdetarde.com\/index.php\/politica\/el-ministerio-de-educacion-de-corrientes-convoco-a-los-gremios-docentes-para-manana\/","title":{"rendered":"El Ministerio de Educaci\u00f3n de Corrientes convoc\u00f3 a los gremios docentes para ma\u00f1ana.\u00a0"},"content":{"rendered":"\n<h2 class=\"wp-block-heading\">La cartera educativa convoc\u00f3 para ma\u00f1ana jueves 15 de febrero, a las 9:30 horas al arco gremial docente.<\/h2>\n\n\n\n<p>El Gobierno de la Provincia recibir\u00e1 ma\u00f1ana a referentes de los sindicatos docentes en Corrientes.<\/p>\n\n\n\n<p>El encuentro servir\u00e1 para analizar la cuesti\u00f3n salarial, lo cu\u00e1l adquiere fundamental trascendencia en el contexto de las recientes decisiones del Gobierno Central de dejar de enviar lo que correspode al Fondo Compensador.<\/p>\n\n\n\n<p>En ese marco tambi\u00e9n trascendi\u00f3 que la Provincia pretende anunciar un nuevo porcentaje de aumento a estatales para el mes de marzo.<\/p>\n\n\n\n<p>M\u00e1s all\u00e1 de la inclusi\u00f3n de los gremios en \u00e9sta negociaci\u00f3n, habr\u00e1 que estar atentos a la postura que tomaran los denominados &#8220;docentes autoconvocados&#8221;, quienes recientemente se reunieron en Saladas y esperan ser inclu\u00eddos en alg\u00fan \u00e1mbito de di\u00e1logo.<\/p>\n","protected":false},"excerpt":{"rendered":"<p>La cartera educativa convoc\u00f3 para ma\u00f1ana jueves 15 de febrero, a las 9:30 horas al arco gremial docente. El Gobierno de la Provincia recibir\u00e1 ma\u00f1ana a referentes de los sindicatos&hellip; <\/p>\n","protected":false},"author":6,"featured_media":125559,"comment_status":"closed","ping_status":"open","sticky":false,"template":"","format":"standard","meta":{"footnotes":""},"categories":[3],"tags":[],"class_list":["post-125557","post","type-post","status-publish","format-standard","has-post-thumbnail","hentry","category-politica"],"_links":{"self":[{"href":"https:\/\/corrientesdetarde.com\/index.php\/wp-json\/wp\/v2\/posts\/125557","targetHints":{"allow":["GET"]}}],"collection":[{"href":"https:\/\/corrientesdetarde.com\/index.php\/wp-json\/wp\/v2\/posts"}],"about":[{"href":"https:\/\/corrientesdetarde.com\/index.php\/wp-json\/wp\/v2\/types\/post"}],"author":[{"embeddable":true,"href":"https:\/\/corrientesdetarde.com\/index.php\/wp-json\/wp\/v2\/users\/6"}],"replies":[{"embeddable":true,"href":"https:\/\/corrientesdetarde.com\/index.php\/wp-json\/wp\/v2\/comments?post=125557"}],"version-history":[{"count":1,"href":"https:\/\/corrientesdetarde.com\/index.php\/wp-json\/wp\/v2\/posts\/125557\/revisions"}],"predecessor-version":[{"id":125560,"href":"https:\/\/corrientesdetarde.com\/index.php\/wp-json\/wp\/v2\/posts\/125557\/revisions\/125560"}],"wp:featuredmedia":[{"embeddable":true,"href":"https:\/\/corrientesdetarde.com\/index.php\/wp-json\/wp\/v2\/media\/125559"}],"wp:attachment":[{"href":"https:\/\/corrientesdetarde.com\/index.php\/wp-json\/wp\/v2\/media?parent=125557"}],"wp:term":[{"taxonomy":"category","embeddable":true,"href":"https:\/\/corrientesdetarde.com\/index.php\/wp-json\/wp\/v2\/categories?post=125557"},{"taxonomy":"post_tag","embeddable":true,"href":"https:\/\/corrientesdetarde.com\/index.php\/wp-json\/wp\/v2\/tags?post=125557"}],"curies":[{"name":"wp","href":"https:\/\/api.w.org\/{rel}","templated":true}]}}