{"id":125757,"date":"2024-02-15T15:05:20","date_gmt":"2024-02-15T18:05:20","guid":{"rendered":"https:\/\/corrientesdetarde.com\/?p=125757"},"modified":"2024-02-15T15:05:26","modified_gmt":"2024-02-15T18:05:26","slug":"vandalizaron-y-robaron-la-tumba-del-ex-presidente-carlos-menem-y-su-hijo-carlos-menem-junior","status":"publish","type":"post","link":"https:\/\/corrientesdetarde.com\/index.php\/sociales\/vandalizaron-y-robaron-la-tumba-del-ex-presidente-carlos-menem-y-su-hijo-carlos-menem-junior\/","title":{"rendered":"Vandalizaron y robaron la tumba del ex presidente Carlos Menem y su hijo Carlos Menem Junior"},"content":{"rendered":"\n<p>Al menos 100 sepulturas del Cementerio Isl\u00e1mico de la Rep\u00fablica Argentina fueron vandalizadas y profanadas.<\/p>\n\n\n\n<p>En la noche del 13 al 14 de febrero, al menos 100 sepulturas del Cementerio Isl\u00e1mico fueron\u00a0<strong>profanadas, vandalizadas y objeto de hurto<\/strong>. Entre ellas, se encuentran las pertenecientes al ex presidente Carlos Sa\u00fal Menem\u00a0y su hijo\u00a0<strong>Carlos Menem Junior<\/strong>.<\/p>\n\n\n\n<p>A trav\u00e9s de su cuenta de X (ex Twitter), la Asociaci\u00f3n \u00c1rabe Argentina Isl\u00e1mica (AAAI) emiti\u00f3 un comunicado oficial en el que denunci\u00f3 lo ocurrido. \u201cEn la noche del pasado 13 al 14 de febrero<strong>\u00a0fueron vandalizadas<\/strong>\u00a0<strong>alrededor de 100 sepulturas\u00a0<\/strong>del Cementerio Isl\u00e1mico, incluyendo la del ex presidente Carlos Menem y su hijo\u201d, indica el posteo.<\/p>\n\n\n\n<figure class=\"wp-block-image\"><img decoding=\"async\" src=\"https:\/\/tn.com.ar\/resizer\/pmlvs_0WvnOpRJYJu1Ra4jFjJeE=\/767x0\/smart\/filters:format(webp)\/cloudfront-us-east-1.images.arcpublishing.com\/artear\/U6SPNBFWAZBBJA3MKIHEAFWJSU.jfif\" alt=\"Vandalizaron la tumba del ex presidente Carlos Menem y su hijo Carlos Menem Junior (Foto: Captura X\/@ArabeIslamica)\"\/><\/figure>\n\n\n\n<p>La Asociaci\u00f3n es propietaria y administradora del predio. En la publicaci\u00f3n detallaron que se sustrajeron marcos de bronce, se destruyeron estructuras de m\u00e1rmol y denunciaron el\u00a0<strong>hurto de una bandera argentina<\/strong>\u00a0que estaba colocada en el m\u00e1stil de la tumba del ex mandatario.<\/p>\n\n\n\n<p>\u201cEstas agresiones&nbsp;<strong>no son las primeras que sufrimos en el predio<\/strong>&nbsp;y no pueden ser tomadas a la ligera trat\u00e1ndose de un lugar de tama\u00f1a importancia espiritual y simb\u00f3lica\u201d, establecieron.<\/p>\n\n\n\n<figure class=\"wp-block-image\"><img decoding=\"async\" src=\"https:\/\/tn.com.ar\/resizer\/lfqggJtH1CrwbqhQ15Srn3Cte7Q=\/767x0\/smart\/filters:format(webp)\/cloudfront-us-east-1.images.arcpublishing.com\/artear\/WBS5J6PBYBHQZLY7YCCEXWQFX4.jpg\" alt=\"As\u00ed quedaron las sepulturas del ex presidente Carlos Menem y su hijo Carlos Menem Junior (Foto: Captura X\/@ArabeIslamica)\"\/><\/figure>\n\n\n\n<p>Adem\u00e1s, comunicaron que ya se efectu\u00f3 la denuncia correspondiente y est\u00e1 radicada en la comisar\u00eda del barrio San Alberto del municipio de La Matanza. Ya se inici\u00f3 una investigaci\u00f3n penal en la que interviene la Unidad Funcional de Instrucci\u00f3n y Juicio N\u00b0 8 y el Juzgado de Garant\u00edas N\u00b0 5 del Departamento Judicial de La Matanza.<\/p>\n\n\n\n<p>En otro posteo, la AAAI inici\u00f3 un llamado que se extiende tanto a la comunidad isl\u00e1mica como a la comunidad en general para repudiar estos hechos \u201cprofundamente agravantes por tratarse de un lugar de tama\u00f1a relevancia espiritual, afectiva y simb\u00f3lica\u201d.<\/p>\n\n\n\n<figure class=\"wp-block-image\"><img decoding=\"async\" src=\"https:\/\/tn.com.ar\/resizer\/jFH5YWAw0DzlFmXJrs2uRUSp39s=\/767x0\/smart\/filters:format(webp)\/cloudfront-us-east-1.images.arcpublishing.com\/artear\/NKJMNQ3E25GX7MW3SQIB7QBF64.PNG\" alt=\"Vandalizaron la tumba del ex presidente Carlos Menem y su hijo Carlos Menem Junior (Foto: Captura X\/@ArabeIslamica)\"\/><\/figure>\n","protected":false},"excerpt":{"rendered":"<p>Al menos 100 sepulturas del Cementerio Isl\u00e1mico de la Rep\u00fablica Argentina fueron vandalizadas y profanadas. En la noche del 13 al 14 de febrero, al menos 100 sepulturas del Cementerio&hellip; <\/p>\n","protected":false},"author":8,"featured_media":125758,"comment_status":"closed","ping_status":"open","sticky":false,"template":"","format":"standard","meta":{"footnotes":""},"categories":[17],"tags":[],"class_list":["post-125757","post","type-post","status-publish","format-standard","has-post-thumbnail","hentry","category-sociales"],"_links":{"self":[{"href":"https:\/\/corrientesdetarde.com\/index.php\/wp-json\/wp\/v2\/posts\/125757","targetHints":{"allow":["GET"]}}],"collection":[{"href":"https:\/\/corrientesdetarde.com\/index.php\/wp-json\/wp\/v2\/posts"}],"about":[{"href":"https:\/\/corrientesdetarde.com\/index.php\/wp-json\/wp\/v2\/types\/post"}],"author":[{"embeddable":true,"href":"https:\/\/corrientesdetarde.com\/index.php\/wp-json\/wp\/v2\/users\/8"}],"replies":[{"embeddable":true,"href":"https:\/\/corrientesdetarde.com\/index.php\/wp-json\/wp\/v2\/comments?post=125757"}],"version-history":[{"count":1,"href":"https:\/\/corrientesdetarde.com\/index.php\/wp-json\/wp\/v2\/posts\/125757\/revisions"}],"predecessor-version":[{"id":125759,"href":"https:\/\/corrientesdetarde.com\/index.php\/wp-json\/wp\/v2\/posts\/125757\/revisions\/125759"}],"wp:featuredmedia":[{"embeddable":true,"href":"https:\/\/corrientesdetarde.com\/index.php\/wp-json\/wp\/v2\/media\/125758"}],"wp:attachment":[{"href":"https:\/\/corrientesdetarde.com\/index.php\/wp-json\/wp\/v2\/media?parent=125757"}],"wp:term":[{"taxonomy":"category","embeddable":true,"href":"https:\/\/corrientesdetarde.com\/index.php\/wp-json\/wp\/v2\/categories?post=125757"},{"taxonomy":"post_tag","embeddable":true,"href":"https:\/\/corrientesdetarde.com\/index.php\/wp-json\/wp\/v2\/tags?post=125757"}],"curies":[{"name":"wp","href":"https:\/\/api.w.org\/{rel}","templated":true}]}}