{"id":125791,"date":"2024-02-15T19:59:32","date_gmt":"2024-02-15T22:59:32","guid":{"rendered":"https:\/\/corrientesdetarde.com\/?p=125791"},"modified":"2024-02-15T19:59:44","modified_gmt":"2024-02-15T22:59:44","slug":"deportaron-a-un-chileno-acusado-de-haber-robado-un-local-de-celulares-en-caba","status":"publish","type":"post","link":"https:\/\/corrientesdetarde.com\/index.php\/policiales\/deportaron-a-un-chileno-acusado-de-haber-robado-un-local-de-celulares-en-caba\/","title":{"rendered":"Deportaron a un chileno acusado de haber robado un local de celulares en CABA."},"content":{"rendered":"\n<h2 class=\"wp-block-heading\">La Polic\u00eda de la Ciudad traslad\u00f3 al ladr\u00f3n hasta el aeroparque Jorge Newbery para su salida del pa\u00eds. El hombre de 23 a\u00f1os qued\u00f3 detenido el 11 de enero. \u201cNo tenemos por qu\u00e9 convivir con gente que viene a delinquir ac\u00e1\u201d, asegur\u00f3 Jorge Macri, el Jefe de Gobierno porte\u00f1o.<\/h2>\n\n\n\n<p>Un delincuente de 23 a\u00f1os de nacionalidad chilena<strong>&nbsp;fue deportado a su pa\u00eds<\/strong>&nbsp;este jueves, a poco m\u00e1s de un mes de haber sido detenido por la Polic\u00eda de la Ciudad por robar un local de electr\u00f3nica en Once, junto a dos c\u00f3mplices tambi\u00e9n extranjeros.<\/p>\n\n\n\n<p>El ladr\u00f3n fue llevado por personal de la Polic\u00eda de la Ciudad hasta el aeroparque Jorge Newbery, donde fue entregado para su salida del pa\u00eds. \u201cPara nosotros<strong>\u00a0es un d\u00eda importante<\/strong>\u00a0porque dijimos que \u00edbamos a ordenar la Ciudad, a dar seguridad. Queremos recibir a todos los que quieran venir a disfrutar, pero cuando son delincuentes y extranjeros nuestra pol\u00edtica es extraditarlos lo m\u00e1s r\u00e1pido posible\u201d, sostuvo el Jefe de Gobierno porte\u00f1o, Jorge Macri.<\/p>\n\n\n\n<p>En este sentido, agreg\u00f3: \u201cNo tenemos por qu\u00e9 convivir con gente que viene a delinquir ac\u00e1. Las estad\u00edsticas son contundentes: 4 de cada 10 homicidios en la Ciudad son cometidos por extranjeros, son m\u00e1s de 11 delitos por d\u00eda\u201d.<\/p>\n\n\n\n<figure class=\"wp-block-image\"><img decoding=\"async\" src=\"https:\/\/tn.com.ar\/resizer\/MRM89BRJyipncPH8t80a7-uck_g=\/767x0\/smart\/filters:format(webp)\/cloudfront-us-east-1.images.arcpublishing.com\/artear\/BOE5JYJHZBAORD663W3KZ7O2DU.jpeg\" alt=\"Jorge Macri y Diego Kravetz estuvieron presentes en el momento en que el delincuente de 23 a\u00f1os fue entregado a la PSA. (Foto: Rodolfo Pezzoni \/ GCBA)\"\/><figcaption>Jorge Macri y Diego Kravetz estuvieron presentes en el momento en que el delincuente de 23 a\u00f1os fue entregado a la PSA. (Foto: Rodolfo Pezzoni \/ GCBA)<\/figcaption><\/figure>\n\n\n\n<p>Por \u00faltimo, insisti\u00f3: \u201cEs muy relevante la estad\u00edstica de delitos que tenemos.&nbsp;<strong>Por eso consideramos que cuando un extranjero comete un delito, tiene que volver a su pa\u00eds<\/strong>\u201d.<\/p>\n\n\n\n<p>La extradici\u00f3n se dio<strong>\u00a0en menos de un mes<\/strong>\u00a0y fue tras un proceso de flagrancia llevado adelante por el Tribunal Criminal y Correccional 7 de la Naci\u00f3n, que dispuso condenar a los dos detenidos mayores de edad. En el fallo el tribunal tambi\u00e9n orden\u00f3 la deportaci\u00f3n por medio de Migraciones de uno de ellos,\u00a0<strong>Alen Alejandro Escamilla Flores,\u00a0<\/strong>de 23 a\u00f1os.<\/p>\n\n\n\n<p>\u201cDe la misma manera que pedimos la ley de Reiterancia para dejar adentro a aquellos delincuentes que reinciden,&nbsp;<strong>tenemos la convicci\u00f3n de que extranjero que delinque, debe ser expulsado del pa\u00eds<\/strong>. El proceso depende de varios actores y la de hoy es una muestra de que seremos firmes en nuestra decisi\u00f3n de fortalecer el orden\u201d, sostuvo el ministro de Seguridad,&nbsp;<strong>Waldo Wolff<\/strong>. Junto a \u00e9l estuvo el secretario de Seguridad y jefe de la Polic\u00eda de la Ciudad,&nbsp;<strong>Diego Kravetz<\/strong>.<\/p>\n\n\n\n<p>El proceso para deportarlo se cumpli\u00f3 esta tarde con el traslado del condenado desde su lugar de detenci\u00f3n hasta Aeroparque, previo paso por el Consulado de Chile.<\/p>\n\n\n\n<h2 class=\"wp-block-heading\">As\u00ed fue el robo del delincuente chileno<\/h2>\n\n\n\n<p>Alen Alejandro Escamilla Flores fue detenido el 11 de enero junto a otros dos c\u00f3mplices, uno tambi\u00e9n de nacionalidad chilena, de 20 a\u00f1os, y el restante un colombiano, de 24. Los tres fueron encontrados robando celulares en un local de la cadena Megatone, en la avenida Pueyrred\u00f3n al 400, y&nbsp;<strong>todo qued\u00f3 detectado por las c\u00e1maras del Centro de Monitoreo Urbano<\/strong>&nbsp;(CMU).<\/p>\n\n\n\n<p>Un llamado al 911 en la madrugada de ese d\u00eda fue el que llev\u00f3 a oficiales de la Comisar\u00eda Vecinal 3 A de la Polic\u00eda de la Ciudad a acudir hasta el lugar del hecho. Los operadores del CMU<strong>&nbsp;lograron ver a los ladrones&nbsp;<\/strong>y los polic\u00edas detuvieron a dos en Sarmiento y Boulogne Sur Mer y al restante en Bartolom\u00e9 Mitre y Ecuador.<\/p>\n\n\n\n<p>Los efectivos tambi\u00e9n dieron con una bolsa con\u00a0<strong>14 celulares que ya fueron restituidos\u00a0<\/strong>a los encargados del local asaltado. Asimismo, los oficiales encontraron dentro de un cesto de basura una pinza cortacandados y un cortafierro que utilizaron para violentar el ingreso.<\/p>\n\n\n\n<p><em>Fuente: Todo Noticias.<\/em><\/p>\n","protected":false},"excerpt":{"rendered":"<p>La Polic\u00eda de la Ciudad traslad\u00f3 al ladr\u00f3n hasta el aeroparque Jorge Newbery para su salida del pa\u00eds. El hombre de 23 a\u00f1os qued\u00f3 detenido el 11 de enero. \u201cNo&hellip; <\/p>\n","protected":false},"author":6,"featured_media":125792,"comment_status":"closed","ping_status":"open","sticky":false,"template":"","format":"standard","meta":{"footnotes":""},"categories":[33],"tags":[],"class_list":["post-125791","post","type-post","status-publish","format-standard","has-post-thumbnail","hentry","category-policiales"],"_links":{"self":[{"href":"https:\/\/corrientesdetarde.com\/index.php\/wp-json\/wp\/v2\/posts\/125791","targetHints":{"allow":["GET"]}}],"collection":[{"href":"https:\/\/corrientesdetarde.com\/index.php\/wp-json\/wp\/v2\/posts"}],"about":[{"href":"https:\/\/corrientesdetarde.com\/index.php\/wp-json\/wp\/v2\/types\/post"}],"author":[{"embeddable":true,"href":"https:\/\/corrientesdetarde.com\/index.php\/wp-json\/wp\/v2\/users\/6"}],"replies":[{"embeddable":true,"href":"https:\/\/corrientesdetarde.com\/index.php\/wp-json\/wp\/v2\/comments?post=125791"}],"version-history":[{"count":1,"href":"https:\/\/corrientesdetarde.com\/index.php\/wp-json\/wp\/v2\/posts\/125791\/revisions"}],"predecessor-version":[{"id":125793,"href":"https:\/\/corrientesdetarde.com\/index.php\/wp-json\/wp\/v2\/posts\/125791\/revisions\/125793"}],"wp:featuredmedia":[{"embeddable":true,"href":"https:\/\/corrientesdetarde.com\/index.php\/wp-json\/wp\/v2\/media\/125792"}],"wp:attachment":[{"href":"https:\/\/corrientesdetarde.com\/index.php\/wp-json\/wp\/v2\/media?parent=125791"}],"wp:term":[{"taxonomy":"category","embeddable":true,"href":"https:\/\/corrientesdetarde.com\/index.php\/wp-json\/wp\/v2\/categories?post=125791"},{"taxonomy":"post_tag","embeddable":true,"href":"https:\/\/corrientesdetarde.com\/index.php\/wp-json\/wp\/v2\/tags?post=125791"}],"curies":[{"name":"wp","href":"https:\/\/api.w.org\/{rel}","templated":true}]}}