{"id":125797,"date":"2024-02-15T20:04:04","date_gmt":"2024-02-15T23:04:04","guid":{"rendered":"https:\/\/corrientesdetarde.com\/?p=125797"},"modified":"2024-02-15T20:04:08","modified_gmt":"2024-02-15T23:04:08","slug":"cinco-gobernadores-iniciaron-acciones-legales-y-analizan-una-demanda-comun","status":"publish","type":"post","link":"https:\/\/corrientesdetarde.com\/index.php\/politica\/cinco-gobernadores-iniciaron-acciones-legales-y-analizan-una-demanda-comun\/","title":{"rendered":"Cinco gobernadores iniciaron acciones legales y analizan una demanda com\u00fan."},"content":{"rendered":"\n<h2 class=\"wp-block-heading\">Ya promovieron causas individuales Chubut, Santiago del Estero y La Rioja; Neuqu\u00e9n y R\u00edo Negro enviaron intimaciones al Gobierno; las presentaciones amenazan con multiplicarse.<\/h2>\n\n\n\n<p>Mientras los gobernadores intentan definir una presentaci\u00f3n judicial en un frente com\u00fan contra los recortes de fondos establecidos por ley por parte de la Naci\u00f3n, comenzaron a ingresar presentaciones de varios mandatarios. Ya avanzaron por el camino legal el chubutense Ignacio Torres, el santiague\u00f1o Gerardo Zamora, el rionegrino Alberto Weretilneck y el neuquino Rolando Figueroa. Esos reclamos se sumaron a los que ya hab\u00eda presentado ante la Corte Suprema el riojano Ricardo Quintela.<\/p>\n\n\n\n<p>El presidente Javier Milei profundiza sus cr\u00edticas a los gobernadores y, desde el \u00e1rea de Econom\u00eda, Luis Caputo, adem\u00e1s de eliminar el Fondo Complementario para el transporte del interior, fren\u00f3 el env\u00edo de los recursos del Fondo de Incentivo Docente -ambos son dineros con &#8220;trazabilidad&#8221;- y tampoco gir\u00f3 el 30% del impuesto PAIS que, tambi\u00e9n por ley, se destina a financiar programas de infraestructura social en provincias y municipios.<\/p>\n\n\n\n<p>La semana pasada la mayor\u00eda de los gobernadores acordaron que sus equipos t\u00e9cnicos analizar\u00edan las presentaciones de acciones judiciales contra los recortes de fondos que impuls\u00f3 el Poder Ejecutivo. El mayor problema, reconocen, son los &#8220;tiempos de la Justicia&#8221;. Admiten que mientras esperen las determinaciones, los montos se ir\u00e1n licuando. Pero, a medida que pasan los d\u00edas, tambi\u00e9n sostienen que las posibilidades de &#8220;soluciones pol\u00edticas&#8221; se reducen.<\/p>\n\n\n\n<p>&nbsp;El bonaerense Axel Kicillof, el santafesino Maximiliano Pullaro y el cordob\u00e9s Mart\u00edn Llaryora est\u00e1n entre los que podr\u00edan ir a la Justicia en las pr\u00f3ximas horas.<\/p>\n\n\n\n<p>&nbsp;Hace dos d\u00edas Torres present\u00f3 una cautelar ante la justicia federal para exigir &#8220;el pago del subsidio nacional al transporte p\u00fablico de pasajeros&#8221;. El pedido tambi\u00e9n lleva la firma del intendente de Comodoro Rivadavia, Othar Macharashvili, de Uni\u00f3n por la Patria, quien acompa\u00f1\u00f3 la iniciativa porque sostuvo que esa zona &#8220;es la m\u00e1s perjudicada por la medida&#8221;.<\/p>\n\n\n\n<p>&nbsp;<br>El chubutense explic\u00f3 que desde diciembre su gobierno aument\u00f3 50% el monto total de la erogaci\u00f3n correspondiente al subsidio al transporte que depende de la provincia: &#8220;Con la baja del subsidio nacional, Comodoro Rivadavia ser\u00eda la ciudad m\u00e1s perjudicada de Chubut. Cuenta con la mayor cantidad de pasajeros que se trasladan diariamente en su tejido urbano, demandando entre el 60% y el 70% del subsidio que se destina a dicha localidad&#8221;.<\/p>\n\n\n\n<p>&nbsp;<br>Zamora, despu\u00e9s de una reuni\u00f3n de gabinete, instruy\u00f3 a la Fiscal\u00eda de Estado para recurrir a la v\u00eda judicial ante los recortes de Naci\u00f3n. Desde el gobierno santiague\u00f1o plantearon: &#8220;No son los gobiernos provinciales los afectados, son los docentes que dejan de percibir esos montos, son los usuarios del transporte p\u00fablico de pasajeros, son los trabajadores y estudiantes a lo largo y ancho del pa\u00eds&#8221;.<\/p>\n\n\n\n<p>A\u00f1adieron que, desde que asumi\u00f3 Milei, no se cumple con la ley de presupuesto vigente y &#8220;hay incertidumbre incluso sobre los fondos nacionales para comedores escolares, alimentos para cel\u00edacos, el fondo de conectividad y material did\u00e1ctico para el alumnado, las obras p\u00fablicas en ejecuci\u00f3n, los distintos programas de salud, como ser la entrega de medicamentos para tratamientos especiales como los oncol\u00f3gicos, los de HIV, los de reci\u00e9n nacidos con enfermedades gen\u00e9ticas y otros medicamentos llamados catastr\u00f3ficos, que por ley, la Naci\u00f3n debe comprarlos y entregar directamente a los beneficiarios, como tambi\u00e9n el programa Remediar&#8221;.<\/p>\n\n\n\n<p>&nbsp;En R\u00edo Negro, los legisladores de los bloques &#8220;Vamos con Todos&#8221; y &#8220;PJ-Nuevo Encuentro&#8221;, junto al senador nacional Mart\u00edn Do\u00f1ate, el diputado nacional Mart\u00edn Soria e intendentes presentaron este jueves ante la justicia federal un reclamo en defensa Fondo Nacional de Incentivo Docente (Fonid) y del subsidio al transporte.<\/p>\n\n\n\n<p>&#8220;No hay margen para los matices ni las diferencias dom\u00e9sticas. Ante estas situaciones graves, [son necesarios] acuerdos de Estado para defendernos del centralismo porte\u00f1o&#8221;, indicaron en referencia a que el gobierno provincial har\u00eda lo mismo.<\/p>\n\n\n\n<p>&nbsp;<br><strong>Concesiones<\/strong><br>Por fuera de la cuesti\u00f3n de los fondos econ\u00f3micos, este jueves, en una acci\u00f3n conjunta, Weretilneck y Figueroa notificaron al Estado Nacional respecto de la gesti\u00f3n de concesiones hidroel\u00e9ctricas en la regi\u00f3n. El rionegrino envi\u00f3 una carta documento al Ministerio del Interior que repasa los art\u00edculos de la Constituci\u00f3n Nacional que &#8220;establecen el dominio originario de las provincias sobre sus recursos naturales, as\u00ed como en los art\u00edculos 70, 71 y 81 de la Constituci\u00f3n de la Provincia de R\u00edo Negro, que refuerzan la propiedad originaria de los recursos naturales en su territorio, dejando en claro la potestad de la provincia para controlar y regular el uso de estos recursos&#8221;.<\/p>\n\n\n\n<p>&nbsp;&nbsp;<br>Figueroa hizo lo propio con el secretario de Energ\u00eda de la Naci\u00f3n, Eduardo Rodr\u00edguez Chirillo. La carta documento indica que &#8220;ante la falta de respuestas y de evasivas por parte del Estado Nacional, la provincia se ve forzada a intimar y exigir que se abstenga de tomar cualquier tipo de decisi\u00f3n o medida respecto de las represas, sin antes dar participaci\u00f3n a la provincia&#8221;. Se refiri\u00f3 a los aprovechamientos hidroel\u00e9ctricos de los r\u00edos Limay y Neuqu\u00e9n y puntualmente a las concesiones de El Choc\u00f3n, Piedra del \u00c1guila, Alicur\u00e1, Cerros Colorados y Arroyito, cuyos per\u00edodos de transici\u00f3n fueron reciente prorrogados.<\/p>\n\n\n\n<p>El foco de las intimaciones recae, precisamente, en el inminente vencimiento de los per\u00edodos de transici\u00f3n de las concesiones de generaci\u00f3n hidroel\u00e9ctrica en la cuenca de los r\u00edos Limay y Neuqu\u00e9n. Ambos gobernadores &#8220;exigen que el Estado Nacional, y sus dependencias, se abstengan de otorgar cualquier tipo de concesi\u00f3n, pr\u00f3rroga o autorizaci\u00f3n relacionada con la explotaci\u00f3n de dichos complejos hidroel\u00e9ctricos sin obtener previamente el consentimiento de las provincias&#8221;. Advierten que cualquier acci\u00f3n unilateral por parte del Gobierno Nacional &#8220;ser\u00e1 considerada inv\u00e1lida y carecer\u00e1 de derechos frente a la provincia&#8221;. Apuntan, adem\u00e1s, que podr\u00edan iniciar acciones legales.<\/p>\n\n\n\n<p><em>Fuente: La Naci\u00f3n.<\/em><\/p>\n","protected":false},"excerpt":{"rendered":"<p>Ya promovieron causas individuales Chubut, Santiago del Estero y La Rioja; Neuqu\u00e9n y R\u00edo Negro enviaron intimaciones al Gobierno; las presentaciones amenazan con multiplicarse. Mientras los gobernadores intentan definir una&hellip; <\/p>\n","protected":false},"author":6,"featured_media":125798,"comment_status":"closed","ping_status":"open","sticky":false,"template":"","format":"standard","meta":{"footnotes":""},"categories":[3],"tags":[],"class_list":["post-125797","post","type-post","status-publish","format-standard","has-post-thumbnail","hentry","category-politica"],"_links":{"self":[{"href":"https:\/\/corrientesdetarde.com\/index.php\/wp-json\/wp\/v2\/posts\/125797","targetHints":{"allow":["GET"]}}],"collection":[{"href":"https:\/\/corrientesdetarde.com\/index.php\/wp-json\/wp\/v2\/posts"}],"about":[{"href":"https:\/\/corrientesdetarde.com\/index.php\/wp-json\/wp\/v2\/types\/post"}],"author":[{"embeddable":true,"href":"https:\/\/corrientesdetarde.com\/index.php\/wp-json\/wp\/v2\/users\/6"}],"replies":[{"embeddable":true,"href":"https:\/\/corrientesdetarde.com\/index.php\/wp-json\/wp\/v2\/comments?post=125797"}],"version-history":[{"count":1,"href":"https:\/\/corrientesdetarde.com\/index.php\/wp-json\/wp\/v2\/posts\/125797\/revisions"}],"predecessor-version":[{"id":125799,"href":"https:\/\/corrientesdetarde.com\/index.php\/wp-json\/wp\/v2\/posts\/125797\/revisions\/125799"}],"wp:featuredmedia":[{"embeddable":true,"href":"https:\/\/corrientesdetarde.com\/index.php\/wp-json\/wp\/v2\/media\/125798"}],"wp:attachment":[{"href":"https:\/\/corrientesdetarde.com\/index.php\/wp-json\/wp\/v2\/media?parent=125797"}],"wp:term":[{"taxonomy":"category","embeddable":true,"href":"https:\/\/corrientesdetarde.com\/index.php\/wp-json\/wp\/v2\/categories?post=125797"},{"taxonomy":"post_tag","embeddable":true,"href":"https:\/\/corrientesdetarde.com\/index.php\/wp-json\/wp\/v2\/tags?post=125797"}],"curies":[{"name":"wp","href":"https:\/\/api.w.org\/{rel}","templated":true}]}}