{"id":126020,"date":"2024-02-16T18:14:36","date_gmt":"2024-02-16T21:14:36","guid":{"rendered":"https:\/\/corrientesdetarde.com\/?p=126020"},"modified":"2024-02-16T18:14:42","modified_gmt":"2024-02-16T21:14:42","slug":"despues-de-la-polemica-con-martin-demichelis-river-tomo-una-decision-curiosa-con-esequiel-barco","status":"publish","type":"post","link":"https:\/\/corrientesdetarde.com\/index.php\/deportes\/despues-de-la-polemica-con-martin-demichelis-river-tomo-una-decision-curiosa-con-esequiel-barco\/","title":{"rendered":"Despu\u00e9s de la pol\u00e9mica con Mart\u00edn Demichelis, River tom\u00f3 una decisi\u00f3n curiosa con Esequiel Barco"},"content":{"rendered":"\n<p>Este mi\u00e9rcoles,\u00a0<strong>River empat\u00f3 0-0 ante Atl\u00e9tico Tucum\u00e1n<\/strong>\u00a0por la quinta fecha de la Copa de la Liga. Sin embargo, todas las miradas se fueron con\u00a0<strong>la pol\u00e9mica entre Esequiel Barco<\/strong>\u00a0y\u00a0<strong>Mart\u00edn Demichelis<\/strong>. El entrenador\u00a0<strong>cort\u00f3 con todas las especulaciones<\/strong>en la conferencia de prensa y en las \u00faltimas horas\u00a0<strong>el Millonario tom\u00f3 una decisi\u00f3n definitiva.<\/strong><\/p>\n\n\n\n<p>En el pr\u00f3ximo partido en el Monumental ante Banfield,&nbsp;<strong>Esequiel Barco recibir\u00e1 un reconocimiento por parte de la dirigencia por haber llegado a los 100 partidos con la camiseta de River<\/strong>. El exIndependiente lleg\u00f3 en el enero de 2022 y acumula muy buenos rendimientos en el balance general.<\/p>\n\n\n\n<figure class=\"wp-block-image\"><img decoding=\"async\" src=\"https:\/\/tn.com.ar\/resizer\/mbasazzcghF-LCAdxgivQhPZ-q8=\/767x0\/smart\/filters:format(webp)\/cloudfront-us-east-1.images.arcpublishing.com\/artear\/RKX34JG7UNDBNAR3NLAQ6BPM2E.jpg\" alt=\"Esequiel Barco ser\u00e1 homenajeado por River. (Foto: barco.ezequiel\/IG)\"\/><figcaption>Esequiel Barco ser\u00e1 homenajeado por River. (Foto: barco.ezequiel\/IG)<\/figcaption><\/figure>\n\n\n\n<p>Esta determinaci\u00f3n fue sorpresiva, pero es un claro gesto desde River para terminar con el tema que fue noticia durante toda la semana y pasar la p\u00e1gina, tal como dijo Demichelis en conferencia de prensa.<\/p>\n\n\n\n<h2 class=\"wp-block-heading\">Las declaraciones de Mart\u00edn Demichelis sobre la pol\u00e9mica con Esequiel Barco<\/h2>\n\n\n\n<ul class=\"wp-block-list\"><li>\u201cA cualquiera le puede pasar de errar un penal, en este caso dos;&nbsp;<strong>consider\u00e9 que (Barco) no estaba emocionalmente para seguir jugando al 100% en el segundo tiempo<\/strong>. Esequiel es un buen chico, seguramente quiso hacer un gol.&nbsp;<strong>Le pido disculpas porque no es egoc\u00e9ntrico o que piense solo en \u00e9l.<\/strong>&nbsp;Seguramente hoy se lleva una gran experiencia\u201d.<\/li><li>\u201cLos dos son los encargados de patear y definen seg\u00fan sus propias sensaciones. Cuando err\u00f3 Esequiel ah\u00ed s\u00ed ped\u00ed que pateara Miguel, no se dio y el desenlace es lo que se vio\u201d.<\/li><li><strong>\u201cLo que tenemos que hablar, ya lo hablamos y Esequiel pidi\u00f3 disculpas\u201d.<\/strong><\/li><li>\u201cNo hay que dramatizar\u201d.<\/li><\/ul>\n\n\n\n<h2 class=\"wp-block-heading\">River realizar\u00e1 un reconocimiento extra ante Banfield<\/h2>\n\n\n\n<p>Adem\u00e1s del homenaje a Esequiel Barco, el pr\u00f3ximo domingo el hincha de River recibir\u00e1 la visita de un jugador clave en la \u00e9poca de gloria liderada por Marcelo Gallardo:&nbsp;<strong>Marcelo Baravero.<\/strong><\/p>\n\n\n\n<p>Trapito es jugador del Taladro a partir de esta temporada y volver\u00e1 al estadio donde supo tener grandes actuaciones.&nbsp;<strong>Desde la dirigencia de River planean entregarle una plaqueta por su paso por el club.<\/strong><\/p>\n","protected":false},"excerpt":{"rendered":"<p>Este mi\u00e9rcoles,\u00a0River empat\u00f3 0-0 ante Atl\u00e9tico Tucum\u00e1n\u00a0por la quinta fecha de la Copa de la Liga. Sin embargo, todas las miradas se fueron con\u00a0la pol\u00e9mica entre Esequiel Barco\u00a0y\u00a0Mart\u00edn Demichelis. El&hellip; <\/p>\n","protected":false},"author":12,"featured_media":126046,"comment_status":"closed","ping_status":"open","sticky":false,"template":"","format":"standard","meta":{"footnotes":""},"categories":[4],"tags":[],"class_list":["post-126020","post","type-post","status-publish","format-standard","has-post-thumbnail","hentry","category-deportes"],"_links":{"self":[{"href":"https:\/\/corrientesdetarde.com\/index.php\/wp-json\/wp\/v2\/posts\/126020","targetHints":{"allow":["GET"]}}],"collection":[{"href":"https:\/\/corrientesdetarde.com\/index.php\/wp-json\/wp\/v2\/posts"}],"about":[{"href":"https:\/\/corrientesdetarde.com\/index.php\/wp-json\/wp\/v2\/types\/post"}],"author":[{"embeddable":true,"href":"https:\/\/corrientesdetarde.com\/index.php\/wp-json\/wp\/v2\/users\/12"}],"replies":[{"embeddable":true,"href":"https:\/\/corrientesdetarde.com\/index.php\/wp-json\/wp\/v2\/comments?post=126020"}],"version-history":[{"count":1,"href":"https:\/\/corrientesdetarde.com\/index.php\/wp-json\/wp\/v2\/posts\/126020\/revisions"}],"predecessor-version":[{"id":126047,"href":"https:\/\/corrientesdetarde.com\/index.php\/wp-json\/wp\/v2\/posts\/126020\/revisions\/126047"}],"wp:featuredmedia":[{"embeddable":true,"href":"https:\/\/corrientesdetarde.com\/index.php\/wp-json\/wp\/v2\/media\/126046"}],"wp:attachment":[{"href":"https:\/\/corrientesdetarde.com\/index.php\/wp-json\/wp\/v2\/media?parent=126020"}],"wp:term":[{"taxonomy":"category","embeddable":true,"href":"https:\/\/corrientesdetarde.com\/index.php\/wp-json\/wp\/v2\/categories?post=126020"},{"taxonomy":"post_tag","embeddable":true,"href":"https:\/\/corrientesdetarde.com\/index.php\/wp-json\/wp\/v2\/tags?post=126020"}],"curies":[{"name":"wp","href":"https:\/\/api.w.org\/{rel}","templated":true}]}}