{"id":126022,"date":"2024-02-16T15:56:17","date_gmt":"2024-02-16T18:56:17","guid":{"rendered":"https:\/\/corrientesdetarde.com\/?p=126022"},"modified":"2024-02-16T18:08:39","modified_gmt":"2024-02-16T21:08:39","slug":"control-de-danos-advierten-que-el-calor-dejo-secuelas-irreversibles-en-varios-lotes-del-corazon-agricol","status":"publish","type":"post","link":"https:\/\/corrientesdetarde.com\/index.php\/actualidad\/control-de-danos-advierten-que-el-calor-dejo-secuelas-irreversibles-en-varios-lotes-del-corazon-agricol\/","title":{"rendered":"\u201cControl de da\u00f1os\u201d: advierten que el calor dej\u00f3 secuelas irreversibles en varios lotes del \u201ccoraz\u00f3n agr\u00edcola\u201d"},"content":{"rendered":"\n<p>Del&nbsp;<strong>7 al 14 de febrero<\/strong>&nbsp;llovi\u00f3 casi lo que suele registrarse en ese mes en la zona n\u00facleo, seg\u00fan relev\u00f3<strong>&nbsp;la Bolsa de Comercio de Rosario (BCR).<\/strong><\/p>\n\n\n\n<p><strong>Pero advirti\u00f3 que, a\u00fan as\u00ed, no se revertir\u00e1 el da\u00f1o en la principal regi\u00f3n agr\u00edcola, ya que las p\u00e9rdidas se afirman en el 20% al 30% del potencial en la soja de primera.<\/strong><\/p>\n\n\n\n<p>En este contexto,&nbsp;<strong>Pergamino es una de las \u00e1reas m\u00e1s golpeadas junto al sur de Rosario,&nbsp;<\/strong>como en el departamento Constituci\u00f3n. All\u00ed, estiman rindes de soja de primera de&nbsp;<strong>25 a 30 quintales por hect\u00e1rea<\/strong>.<\/p>\n\n\n\n<h3 class=\"wp-block-heading\">\u00bfQuer\u00e9s recibir m\u00e1s informaci\u00f3n sobre el campo?<\/h3>\n\n\n\n<h4 class=\"wp-block-heading\">Suscribite ac\u00e1<\/h4>\n\n\n\n<p>Suscribirme<\/p>\n\n\n\n<p><strong>\u201cUn mes atr\u00e1s esper\u00e1bamos 50 quintales por hect\u00e1rea, pero ahora de 37 a 38\u2033<\/strong>.&nbsp;<strong>Lo dicen t\u00e9cnicos de Pergamino sobre la soja de primera,&nbsp;<\/strong>tras las altas temperaturas y precipitaciones de 75 mil\u00edmetros (mm), registradas all\u00ed por la entidad santafesina.<\/p>\n\n\n\n<p>\u201cLas lluvias fueron muy buenas en general, con m\u00ednimos hacia El Socorro de 50 mm y m\u00e1ximos en Col\u00f3n de 120 mm\u201d, se\u00f1alan.<\/p>\n\n\n\n<figure class=\"wp-block-image\"><img decoding=\"async\" src=\"https:\/\/tn.com.ar\/resizer\/k9u0loOKWh6vWIpbfdHDnctheCQ=\/767x0\/smart\/filters:format(webp)\/cloudfront-us-east-1.images.arcpublishing.com\/artear\/YO2CCUD6TNBUJAEYAECIU4M5ZQ.jpg\" alt=\"\u201cControl de da\u00f1os\u201d: advierten que el calor dej\u00f3 secuelas irreversibles en varios lotes del \u201ccoraz\u00f3n agr\u00edcola\u201d\"\/><\/figure>\n\n\n\n<p>A pesar de las importantes lluvias,<strong>&nbsp;se va confirmando un horizonte de p\u00e9rdidas de 20% a 30% del potencial del cultivo en la regi\u00f3n n\u00facleo.<\/strong><\/p>\n\n\n\n<p>\u201cLa gran ola de calor tuvo un efecto en da\u00f1os mayor al esperable por varios factores: fue muy<strong>&nbsp;larga,&nbsp;<\/strong>muy<strong>&nbsp;intensa, sin napas&nbsp;<\/strong>o reservas de agua en los niveles profundos del suelo y agarr\u00f3 a la soja con un gran desarrollo vegetativo y<strong>&nbsp;en etapas sensibles del per\u00edodo cr\u00edtico\u201d,&nbsp;<\/strong>explic\u00f3 el reporte.<\/p>\n\n\n\n<p><em><strong>Le\u00e9 tambi\u00e9n:&nbsp;<\/strong><\/em><a href=\"https:\/\/tn.com.ar\/campo\/2024\/02\/15\/el-precio-de-la-soja-profundizo-su-caida-luego-de-una-estimacion-de-mayor-siembra-en-estados-unidos\/\" target=\"_blank\" rel=\"noreferrer noopener\"><em><strong>El precio de la soja profundiz\u00f3 su ca\u00edda, luego de una estimaci\u00f3n de mayor siembra en Estados Unidos<\/strong><\/em><\/a><\/p>\n\n\n\n<p><strong>\u201cEl calor mat\u00f3 plantas e hizo perder un gran n\u00famero de chauchas\u201d,&nbsp;<\/strong>afirman en Fighiera. Pero, incluso, hacia el norte de Rosario estiman \u201c<strong>rindes por debajo de los promedios<\/strong>\u201d.<\/p>\n\n\n\n<p>\u201cCon el diario del lunes, analizamos que&nbsp;<strong>tendr\u00edamos que haber sido mucho m\u00e1s defensivos<\/strong>, sembrando grupos muy largos y despu\u00e9s del 15 de noviembre para sortear la ola de calor\u201d, comentan.<\/p>\n\n\n\n<p>Otra es la historia en zonas mejores provistas por las lluvias de enero y diciembre, como en&nbsp;<strong>Bigand, El Tr\u00e9bol, Bombal o San Gregorio, d\u00f3nde estiman perdidas promedio en soja de primera en torno a 5 a 7 quintales por hect\u00e1reas respecto a un mes atr\u00e1s<\/strong>.<\/p>\n\n\n\n<h2 class=\"wp-block-heading\">En una semana llovi\u00f3 lo de todo un mes<\/h2>\n\n\n\n<p>Pese a que<strong>&nbsp;llegaron tarde para recuperar chauchas,&nbsp;<\/strong>las lluvias fueron muy importantes, de entre 60 y 170 mm en la regi\u00f3n que le han puesto&nbsp;<strong>un paraca\u00eddas a la ca\u00edda en la condici\u00f3n del cultivo.&nbsp;<\/strong>Tambi\u00e9n resultaron&nbsp;<strong>clave para el llenado de granos en soja de primera<\/strong>.<\/p>\n\n\n\n<p>Los t\u00e9cnicos se\u00f1alan que con lo que llovi\u00f3&nbsp;<strong>ya le alcanza para terminar el ciclo<\/strong>. En todo febrero suele llover entre 75 y 110 mm, con algunas zonas como en el NE bonarense que puede superar los 120 mm.<\/p>\n\n\n\n<p><strong>En promedio,<\/strong>&nbsp;<strong>la regi\u00f3n recibi\u00f3 del 7 al 14 de febrero unos 95 mm,<\/strong>&nbsp;con una distribuci\u00f3n geogr\u00e1fica con dos m\u00e1ximos, uno en el norte y otro en el sur.<\/p>\n\n\n\n<figure class=\"wp-block-image\"><img decoding=\"async\" src=\"https:\/\/tn.com.ar\/resizer\/U-cRgyReypLOcm221IBHcHCrjNU=\/767x0\/smart\/filters:format(webp)\/cloudfront-us-east-1.images.arcpublishing.com\/artear\/NOKKOIHIOVBIJHQLU3GQYU6HWE.jpg\" alt=\"\u201cControl de da\u00f1os\u201d: advierten que el calor dej\u00f3 secuelas irreversibles en varios lotes del \u201ccoraz\u00f3n agr\u00edcola\u201d\"\/><\/figure>\n\n\n\n<p>El valor m\u00e1s alto,&nbsp;<strong>168 mm, fue medido en Pozo del Molle<\/strong>, C\u00f3rdoba, seguido por&nbsp;<strong>Lincoln<\/strong>, en Buenos Aires, con&nbsp;<strong>142 mm.<\/strong><\/p>\n\n\n\n<p>\u201cEl&nbsp;<strong>cambio en las reservas de suelos&nbsp;<\/strong>es total: de predominar \u00e1reas en sequ\u00eda y escasez una semana atr\u00e1s a&nbsp;<strong>niveles \u00f3ptimos en los sectores centro y noreste, con n\u00facleos de exceso en Santa Fe y este de C\u00f3rdoba\u201d<\/strong>, describieron.<\/p>\n\n\n\n<figure class=\"wp-block-image\"><img decoding=\"async\" src=\"https:\/\/tn.com.ar\/resizer\/PDD-m993YmDOgM3usMVAZImJ4hA=\/767x0\/smart\/filters:format(webp)\/cloudfront-us-east-1.images.arcpublishing.com\/artear\/AJHM6IPHNRB3DEG2K6J67LDDZY.jpg\" alt=\"\u201cControl de da\u00f1os\u201d: advierten que el calor dej\u00f3 secuelas irreversibles en varios lotes del \u201ccoraz\u00f3n agr\u00edcola\u201d\"\/><\/figure>\n\n\n\n<p>En tanto, para los pr\u00f3ximos d\u00edas, se espera una escasez de lluvias y<strong>&nbsp;temperaturas en ascenso<\/strong>,&nbsp;<strong>aunque ser\u00e1n menos intensas&nbsp;<\/strong>que las registradas en la primera mitad del mes.<\/p>\n\n\n\n<p><strong>\u201cLo m\u00e1s probable es que durante el resto de febrero volvamos a una situaci\u00f3n m\u00e1s parecida a la que tuvimos durante diciembre y la primera quincena de enero<\/strong>\u201d, pronostica el consultor de la BCR,&nbsp;<strong>Alfredo Elorriaga.<\/strong><\/p>\n\n\n\n<h2 class=\"wp-block-heading\">Mejor\u00f3 la condici\u00f3n de la soja de segunda y de los ma\u00edces tard\u00edos<\/h2>\n\n\n\n<p>En tanto, los&nbsp;<strong>lotes en estado malo y regular de soja de segunda&nbsp;<\/strong>disminuyeron un 20%. Ahora constituyen el&nbsp;<strong>30%&nbsp;<\/strong>del cultivo.<\/p>\n\n\n\n<p>Por otro lado, aumentaron los cuadros en&nbsp;<strong>buenas condiciones<\/strong>, totalizando un&nbsp;<strong>60%<\/strong>, y se mantiene en un&nbsp;<strong>10% el \u00e1rea en muy buen estado.<\/strong><\/p>\n\n\n\n<p>\u201cEn el centro sur de Santa Fe, como<strong>\u00a0en Carlos Pellegrini<\/strong>,\u00a0<strong>las lluvias permiten continuar con la producci\u00f3n de flores y desarrollar las chauchas formadas<\/strong>. Estiman que hay posibilidades de llegar a los 40 quintales por hect\u00e1rea. En Ca\u00f1ada de G\u00f3mez, 30 quintales. Hacia el sur santafesino y noreste de Buenos Aires, se nota una ca\u00edda en la condici\u00f3n del cultivo por la menor cantidad de lluvias recibidas\u201d, pormenoriz\u00f3 el panorama.<\/p>\n\n\n\n<p>En<strong>&nbsp;Bigand&nbsp;<\/strong>se\u00f1alan que&nbsp;<strong>se necesita otra lluvia para lograr una buena producci\u00f3n.<\/strong>&nbsp;En los mejores suelos se podr\u00edan alcanzar&nbsp;<strong>30 quintales por hect\u00e1rea<\/strong>. Pero un 15% sembrado en suelos complejos no lograr\u00e1n recuperarse del estr\u00e9s termo h\u00eddrico.<\/p>\n\n\n\n<p>En&nbsp;<strong>San Gregorio,<\/strong>&nbsp;estiman un rinde de&nbsp;<strong>25 quintales por hect\u00e1rea<\/strong>, tras las lluvias. En alrededores de Pergamino y Col\u00f3n, en el noreste bonaerense, la oleaginosa se sembr\u00f3 a mediados de diciembre. Por el atraso de las implantaciones y la ola de calor, estiman&nbsp;<strong>25 quintales por hect\u00e1rea<\/strong>.<\/p>\n\n\n\n<p>Por otro lado, la BCR destac\u00f3 que mejoran los ma\u00edces tard\u00edos en floraci\u00f3n, pero hay lotes que no logran reponerse.<\/p>\n\n\n\n<figure class=\"wp-block-image\"><img decoding=\"async\" src=\"https:\/\/tn.com.ar\/resizer\/8Reez9585brDrcVgC0kgttC4NRs=\/767x0\/smart\/filters:format(webp)\/cloudfront-us-east-1.images.arcpublishing.com\/artear\/OWO3HSG7LFGHFHS5PPOVUPTVU4.jpg\" alt=\"\u201cControl de da\u00f1os\u201d: advierten que el calor dej\u00f3 secuelas irreversibles en varios lotes del \u201ccoraz\u00f3n agr\u00edcola\u201d\"\/><\/figure>\n\n\n\n<p><strong>\u201cHace una semana hab\u00eda 51.000 hect\u00e1reas comprometidas por la intensa ola de calor. Pero las lluvias llegaron justo en aquellos lotes que comenzaban a florecer\u201d,&nbsp;<\/strong>indic\u00f3 el reporte.<\/p>\n\n\n\n<p>En Carlos Pellegrini y Ca\u00f1ada de G\u00f3mez, las \u00faltimas lluvias se produjeron&nbsp;<strong>en plena floraci\u00f3n&nbsp;<\/strong>del cultivo. Calculan que podr\u00edan llegar a cosechar entre 90 y 100 quintales por hect\u00e1rea.<\/p>\n\n\n\n<p>Sin embrago, en Mar\u00eda Susana las lluvias no alcanzaron a reponer al cultivo y estiman&nbsp;<strong>una p\u00e9rdida del 15%<\/strong>. \u201cLa floraci\u00f3n ha quedado muy despareja. Como m\u00e1ximo rendir\u00e1n entre&nbsp;<strong>70 a 85 quintales por hect\u00e1rea<\/strong>\u201d, dicen.<\/p>\n\n\n\n<p>En el noreste de Buenos Aires, los ma\u00edces tard\u00edos est\u00e1n en&nbsp;<strong>muy buenas condiciones<\/strong>. Pero los de segunda est\u00e1n de&nbsp;<strong>regulares a malos<\/strong>.<\/p>\n\n\n\n<p>\u201cEn cuanto al ma\u00edz temprano, el rinde est\u00e1 pr\u00e1cticamente definido y las lluvias permitir\u00e1n completar el llenado de granos. Se calcula que la cosecha arrancar\u00e1 la primera semana de marzo\u201d, describi\u00f3 la entidad rosarina.<\/p>\n\n\n\n<p>En el centro sur de Santa Fe superar\u00eda los 100 quintales por hect\u00e1rea. En el sur provincial, los rindes estar\u00edan entre 95 a 120, seg\u00fan la calidad de lote.<\/p>\n\n\n\n<p><strong>Hacia el sudeste de Santa Fe, entre Aldao y Fighiera, el calor arrebat\u00f3 todo.\u00a0<\/strong>\u201cHubo un efecto secado que nunca vimos. Hay lotes que, al caminarlos, cruj\u00edan como el a\u00f1o pasado.\u00a0<strong>Se esperaban rindes de 100 a 110 quintales por hect\u00e1rea; ahora, entre 80 a 90\u2033<\/strong>.<\/p>\n","protected":false},"excerpt":{"rendered":"<p>Del&nbsp;7 al 14 de febrero&nbsp;llovi\u00f3 casi lo que suele registrarse en ese mes en la zona n\u00facleo, seg\u00fan relev\u00f3&nbsp;la Bolsa de Comercio de Rosario (BCR). Pero advirti\u00f3 que, a\u00fan as\u00ed,&hellip; <\/p>\n","protected":false},"author":12,"featured_media":126040,"comment_status":"closed","ping_status":"open","sticky":false,"template":"","format":"standard","meta":{"footnotes":""},"categories":[23],"tags":[],"class_list":["post-126022","post","type-post","status-publish","format-standard","has-post-thumbnail","hentry","category-actualidad"],"_links":{"self":[{"href":"https:\/\/corrientesdetarde.com\/index.php\/wp-json\/wp\/v2\/posts\/126022","targetHints":{"allow":["GET"]}}],"collection":[{"href":"https:\/\/corrientesdetarde.com\/index.php\/wp-json\/wp\/v2\/posts"}],"about":[{"href":"https:\/\/corrientesdetarde.com\/index.php\/wp-json\/wp\/v2\/types\/post"}],"author":[{"embeddable":true,"href":"https:\/\/corrientesdetarde.com\/index.php\/wp-json\/wp\/v2\/users\/12"}],"replies":[{"embeddable":true,"href":"https:\/\/corrientesdetarde.com\/index.php\/wp-json\/wp\/v2\/comments?post=126022"}],"version-history":[{"count":2,"href":"https:\/\/corrientesdetarde.com\/index.php\/wp-json\/wp\/v2\/posts\/126022\/revisions"}],"predecessor-version":[{"id":126042,"href":"https:\/\/corrientesdetarde.com\/index.php\/wp-json\/wp\/v2\/posts\/126022\/revisions\/126042"}],"wp:featuredmedia":[{"embeddable":true,"href":"https:\/\/corrientesdetarde.com\/index.php\/wp-json\/wp\/v2\/media\/126040"}],"wp:attachment":[{"href":"https:\/\/corrientesdetarde.com\/index.php\/wp-json\/wp\/v2\/media?parent=126022"}],"wp:term":[{"taxonomy":"category","embeddable":true,"href":"https:\/\/corrientesdetarde.com\/index.php\/wp-json\/wp\/v2\/categories?post=126022"},{"taxonomy":"post_tag","embeddable":true,"href":"https:\/\/corrientesdetarde.com\/index.php\/wp-json\/wp\/v2\/tags?post=126022"}],"curies":[{"name":"wp","href":"https:\/\/api.w.org\/{rel}","templated":true}]}}