{"id":126401,"date":"2024-02-18T18:14:40","date_gmt":"2024-02-18T21:14:40","guid":{"rendered":"https:\/\/corrientesdetarde.com\/?p=126401"},"modified":"2024-02-18T18:15:51","modified_gmt":"2024-02-18T21:15:51","slug":"buscan-a-un-hombre-que-desaparecio-en-la-playa-molina-punta","status":"publish","type":"post","link":"https:\/\/corrientesdetarde.com\/index.php\/policiales\/buscan-a-un-hombre-que-desaparecio-en-la-playa-molina-punta\/","title":{"rendered":"Buscan a un hombre que desapareci\u00f3 en el r\u00edo."},"content":{"rendered":"\n<h2 class=\"wp-block-heading\">Polic\u00edas de la Comisar\u00eda D\u00e9cimo S\u00e9ptima investigan las causas y participaron de la b\u00fasqueda de un hombre, quien habr\u00eda desaparecido de la superficie acu\u00e1tica. Ocurri\u00f3 en la tarde del s\u00e1bado en la Playa Molina Punta de Corrientes.<\/h2>\n\n\n\n<p>En horas de la tarde de este s\u00e1bado, efectivos policiales dependientes de la Comisar\u00eda 17\u00ba de Corrientes, trabajaron en colaboraci\u00f3n con las autoridades judiciales en turno. Dieron inicio a tareas investigativas en relaci\u00f3n a la desaparici\u00f3n de un hombre de las aguas del Rio Paran\u00e1, m\u00e1s precisamente en zonas de la Playa Molina Punta.<\/p>\n\n\n\n<p>Seg\u00fan la informaci\u00f3n inicial, el hecho se habr\u00eda registrado alrededor de las 17. Cuatro hombres se hallaban refresc\u00e1ndose en la mencionada zona. En un momento dado, uno de ellos, de 41 a\u00f1os, desapareci\u00f3 de la superficie acu\u00e1tica.<\/p>\n\n\n\n<p>Por tal motivo se dio inicio a la b\u00fasqueda del mismo, colaborando adem\u00e1s personal de la Prefectura Naval Argentina.<\/p>\n","protected":false},"excerpt":{"rendered":"<p>Polic\u00edas de la Comisar\u00eda D\u00e9cimo S\u00e9ptima investigan las causas y participaron de la b\u00fasqueda de un hombre, quien habr\u00eda desaparecido de la superficie acu\u00e1tica. Ocurri\u00f3 en la tarde del s\u00e1bado&hellip; <\/p>\n","protected":false},"author":6,"featured_media":126403,"comment_status":"closed","ping_status":"open","sticky":false,"template":"","format":"standard","meta":{"footnotes":""},"categories":[33],"tags":[],"class_list":["post-126401","post","type-post","status-publish","format-standard","has-post-thumbnail","hentry","category-policiales"],"_links":{"self":[{"href":"https:\/\/corrientesdetarde.com\/index.php\/wp-json\/wp\/v2\/posts\/126401","targetHints":{"allow":["GET"]}}],"collection":[{"href":"https:\/\/corrientesdetarde.com\/index.php\/wp-json\/wp\/v2\/posts"}],"about":[{"href":"https:\/\/corrientesdetarde.com\/index.php\/wp-json\/wp\/v2\/types\/post"}],"author":[{"embeddable":true,"href":"https:\/\/corrientesdetarde.com\/index.php\/wp-json\/wp\/v2\/users\/6"}],"replies":[{"embeddable":true,"href":"https:\/\/corrientesdetarde.com\/index.php\/wp-json\/wp\/v2\/comments?post=126401"}],"version-history":[{"count":2,"href":"https:\/\/corrientesdetarde.com\/index.php\/wp-json\/wp\/v2\/posts\/126401\/revisions"}],"predecessor-version":[{"id":126406,"href":"https:\/\/corrientesdetarde.com\/index.php\/wp-json\/wp\/v2\/posts\/126401\/revisions\/126406"}],"wp:featuredmedia":[{"embeddable":true,"href":"https:\/\/corrientesdetarde.com\/index.php\/wp-json\/wp\/v2\/media\/126403"}],"wp:attachment":[{"href":"https:\/\/corrientesdetarde.com\/index.php\/wp-json\/wp\/v2\/media?parent=126401"}],"wp:term":[{"taxonomy":"category","embeddable":true,"href":"https:\/\/corrientesdetarde.com\/index.php\/wp-json\/wp\/v2\/categories?post=126401"},{"taxonomy":"post_tag","embeddable":true,"href":"https:\/\/corrientesdetarde.com\/index.php\/wp-json\/wp\/v2\/tags?post=126401"}],"curies":[{"name":"wp","href":"https:\/\/api.w.org\/{rel}","templated":true}]}}