{"id":126415,"date":"2024-02-18T18:58:55","date_gmt":"2024-02-18T21:58:55","guid":{"rendered":"https:\/\/corrientesdetarde.com\/?p=126415"},"modified":"2024-02-18T18:59:00","modified_gmt":"2024-02-18T21:59:00","slug":"goya-toyota-hilux-se-dio-a-la-fuga-luego-de-chocar-a-una-ciclista","status":"publish","type":"post","link":"https:\/\/corrientesdetarde.com\/index.php\/policiales\/goya-toyota-hilux-se-dio-a-la-fuga-luego-de-chocar-a-una-ciclista\/","title":{"rendered":"Goya: Toyota Hilux se dio a la fuga luego de chocar a una ciclista."},"content":{"rendered":"\n<h2 class=\"wp-block-heading\"><strong>El hecho ocurri\u00f3 este fin de semana por Ruta Nacional 12 a la altura de Paraje Ifran, donde un camioneta Toyota Hilux color Blanca choco a una reconocida ciclista de Goya, In\u00e9s Herrera. La camioneta se dio a la fuga y piden cualquier informaci\u00f3n sobre el conductor.<\/strong><\/h2>\n\n\n\n<p>Seg\u00fan las publicaciones que se viralizaron en las redes sociales, la camioneta blanca no tiene el espejo (cromado) del lado derecho y cualquier vecino de la zona que tenga c\u00e1maras de seguridad podr\u00eda aportar datos muy valiosos para dar con la persona que conduc\u00eda el veh\u00edculo.<\/p>\n","protected":false},"excerpt":{"rendered":"<p>El hecho ocurri\u00f3 este fin de semana por Ruta Nacional 12 a la altura de Paraje Ifran, donde un camioneta Toyota Hilux color Blanca choco a una reconocida ciclista de&hellip; <\/p>\n","protected":false},"author":6,"featured_media":126417,"comment_status":"closed","ping_status":"open","sticky":false,"template":"","format":"standard","meta":{"footnotes":""},"categories":[33],"tags":[],"class_list":["post-126415","post","type-post","status-publish","format-standard","has-post-thumbnail","hentry","category-policiales"],"_links":{"self":[{"href":"https:\/\/corrientesdetarde.com\/index.php\/wp-json\/wp\/v2\/posts\/126415","targetHints":{"allow":["GET"]}}],"collection":[{"href":"https:\/\/corrientesdetarde.com\/index.php\/wp-json\/wp\/v2\/posts"}],"about":[{"href":"https:\/\/corrientesdetarde.com\/index.php\/wp-json\/wp\/v2\/types\/post"}],"author":[{"embeddable":true,"href":"https:\/\/corrientesdetarde.com\/index.php\/wp-json\/wp\/v2\/users\/6"}],"replies":[{"embeddable":true,"href":"https:\/\/corrientesdetarde.com\/index.php\/wp-json\/wp\/v2\/comments?post=126415"}],"version-history":[{"count":1,"href":"https:\/\/corrientesdetarde.com\/index.php\/wp-json\/wp\/v2\/posts\/126415\/revisions"}],"predecessor-version":[{"id":126418,"href":"https:\/\/corrientesdetarde.com\/index.php\/wp-json\/wp\/v2\/posts\/126415\/revisions\/126418"}],"wp:featuredmedia":[{"embeddable":true,"href":"https:\/\/corrientesdetarde.com\/index.php\/wp-json\/wp\/v2\/media\/126417"}],"wp:attachment":[{"href":"https:\/\/corrientesdetarde.com\/index.php\/wp-json\/wp\/v2\/media?parent=126415"}],"wp:term":[{"taxonomy":"category","embeddable":true,"href":"https:\/\/corrientesdetarde.com\/index.php\/wp-json\/wp\/v2\/categories?post=126415"},{"taxonomy":"post_tag","embeddable":true,"href":"https:\/\/corrientesdetarde.com\/index.php\/wp-json\/wp\/v2\/tags?post=126415"}],"curies":[{"name":"wp","href":"https:\/\/api.w.org\/{rel}","templated":true}]}}