{"id":126419,"date":"2024-02-18T19:06:07","date_gmt":"2024-02-18T22:06:07","guid":{"rendered":"https:\/\/corrientesdetarde.com\/?p=126419"},"modified":"2024-02-18T19:06:19","modified_gmt":"2024-02-18T22:06:19","slug":"goya-vuelve-el-hot-sale-goyano-con-su-cuarta-edicion","status":"publish","type":"post","link":"https:\/\/corrientesdetarde.com\/index.php\/economia\/goya-vuelve-el-hot-sale-goyano-con-su-cuarta-edicion\/","title":{"rendered":"Goya: vuelve el Hot Sale goyano, con su cuarta edici\u00f3n."},"content":{"rendered":"\n<h2 class=\"wp-block-heading\">A partir del lunes y hasta el 23 de marzo, ofrecer\u00e1n descuentos y promociones especiales para incentivar a los consumidores. Aseguran que fue una temporada dif\u00edcil para la econom\u00eda de la ciudad.<\/h2>\n\n\n\n<p>La Secretaria de Industria Mar\u00eda Paz Lampugnani, se refiere a la puesta en marcha nuevamente del programa \u201cGoya Liquida\u201d en la 4\u00aa Edici\u00f3n se habilitar\u00e1 desde el 19 de febrero al 23 de marzo con un sorteo de 1 Mill\u00f3n en Premios, adelantando que la pr\u00f3xima semana se har\u00e1n los anuncios y dar\u00e1n a conocer los detalles en una Conferencia de Prensa.<\/p>\n\n\n\n<p>\u201cBuscamos estimular la actividad econ\u00f3mica local, una idea auspiciosa para comerciantes y consumidores\u201d Afirm\u00f3 La Secretaria de Industria y Comercio.<\/p>\n\n\n\n<p>HOT SALE DE GOYA<\/p>\n\n\n\n<p>Mar\u00eda Paz Lampugnani, explic\u00f3: \u201cEs un programa similar al Hot Sale goyano para promover las Liquidaciones de productos de fin de temporada, hoy dada la situaci\u00f3n y contexto econ\u00f3mico es una alternativa para muchos comercios a trav\u00e9s de las promociones y liquidaciones aumentar sus ventas.<\/p>\n\n\n\n<p>UN MES DE PROGRAMA<\/p>\n\n\n\n<p>La funcionaria municipal, anticip\u00f3 sobre la extensi\u00f3n del programa: \u201cEsta 4\u00aa edici\u00f3n se realizar\u00e1 durante un mes a solicitud de los propios comerciantes, desde el 19 de febrero al 23 de marzo, con una decisi\u00f3n del Intendente Mariano Hormaechea de hacer un sorteo entre los consumidores de los comercios adheridos a este programa, una manera de reactivar la actividad econ\u00f3mica local.<\/p>\n","protected":false},"excerpt":{"rendered":"<p>A partir del lunes y hasta el 23 de marzo, ofrecer\u00e1n descuentos y promociones especiales para incentivar a los consumidores. Aseguran que fue una temporada dif\u00edcil para la econom\u00eda de&hellip; <\/p>\n","protected":false},"author":6,"featured_media":126420,"comment_status":"closed","ping_status":"open","sticky":false,"template":"","format":"standard","meta":{"footnotes":""},"categories":[20],"tags":[],"class_list":["post-126419","post","type-post","status-publish","format-standard","has-post-thumbnail","hentry","category-economia"],"_links":{"self":[{"href":"https:\/\/corrientesdetarde.com\/index.php\/wp-json\/wp\/v2\/posts\/126419","targetHints":{"allow":["GET"]}}],"collection":[{"href":"https:\/\/corrientesdetarde.com\/index.php\/wp-json\/wp\/v2\/posts"}],"about":[{"href":"https:\/\/corrientesdetarde.com\/index.php\/wp-json\/wp\/v2\/types\/post"}],"author":[{"embeddable":true,"href":"https:\/\/corrientesdetarde.com\/index.php\/wp-json\/wp\/v2\/users\/6"}],"replies":[{"embeddable":true,"href":"https:\/\/corrientesdetarde.com\/index.php\/wp-json\/wp\/v2\/comments?post=126419"}],"version-history":[{"count":1,"href":"https:\/\/corrientesdetarde.com\/index.php\/wp-json\/wp\/v2\/posts\/126419\/revisions"}],"predecessor-version":[{"id":126421,"href":"https:\/\/corrientesdetarde.com\/index.php\/wp-json\/wp\/v2\/posts\/126419\/revisions\/126421"}],"wp:featuredmedia":[{"embeddable":true,"href":"https:\/\/corrientesdetarde.com\/index.php\/wp-json\/wp\/v2\/media\/126420"}],"wp:attachment":[{"href":"https:\/\/corrientesdetarde.com\/index.php\/wp-json\/wp\/v2\/media?parent=126419"}],"wp:term":[{"taxonomy":"category","embeddable":true,"href":"https:\/\/corrientesdetarde.com\/index.php\/wp-json\/wp\/v2\/categories?post=126419"},{"taxonomy":"post_tag","embeddable":true,"href":"https:\/\/corrientesdetarde.com\/index.php\/wp-json\/wp\/v2\/tags?post=126419"}],"curies":[{"name":"wp","href":"https:\/\/api.w.org\/{rel}","templated":true}]}}