{"id":126434,"date":"2024-02-18T20:02:40","date_gmt":"2024-02-18T23:02:40","guid":{"rendered":"https:\/\/corrientesdetarde.com\/?p=126434"},"modified":"2024-02-18T20:02:54","modified_gmt":"2024-02-18T23:02:54","slug":"el-gobierno-evalua-quitarles-los-subsidios-a-quienes-tengan-un-auto-o-moto-con-menos-de-5-anos-de-antiguedad","status":"publish","type":"post","link":"https:\/\/corrientesdetarde.com\/index.php\/economia\/el-gobierno-evalua-quitarles-los-subsidios-a-quienes-tengan-un-auto-o-moto-con-menos-de-5-anos-de-antiguedad\/","title":{"rendered":"El Gobierno eval\u00faa quitarles los subsidios a quienes tengan un auto o moto con menos de 5 a\u00f1os de antig\u00fcedad."},"content":{"rendered":"\n<h2 class=\"wp-block-heading\">Se discutir\u00e1 en la pr\u00f3xima audiencia p\u00fablica del 29 de febrero. Hasta ahora, una de las condiciones para sacar la asistencia es tener un veh\u00edculo con menos de tres a\u00f1os.<\/h2>\n\n\n\n<p>El Gobierno eval\u00faa\u00a0<strong>quitarles los subsidios<\/strong>\u00a0a las\u00a0<strong>tarifas\u00a0<\/strong>de gas y luz para aquellos usuarios que posean a su nombre un auto o moto con una antig\u00fcedad\u00a0<strong>menor a los cinco a\u00f1os,<\/strong>\u00a0seg\u00fan documentos publicadospor la Secretar\u00eda de Energ\u00eda. Actualmente, rige la condici\u00f3n de que perder\u00e1n la asistencia los clientes de estos servicios de\u00a0<strong>menores ingresos o medios\u00a0<\/strong>que tengan un veh\u00edculo con\u00a0menos de\u00a0<strong>tres a\u00f1os<\/strong>\u00a0de antig\u00fcedad, aunque hay excepciones.<\/p>\n\n\n\n<p>La posibilidad de establecer cambios en las condiciones para mantener subsidios a la luz y al gas surgi\u00f3 previo a la convocatoria del pr\u00f3ximo\u00a0<strong>29 de febrero<\/strong>\u00a0a una audiencia p\u00fablica para definir un nuevo esquema de asistencias, en el que el Gobierno intentar\u00e1 eliminar el r\u00e9gimen de segmentaci\u00f3n para pasar a una\u00a0<strong>canasta b\u00e1sica energ\u00e9tica.<\/strong>\u00a0La idea del Ejecutivo era avanzar con un nuevo esquema de subsidios desde febrero, pero la decisi\u00f3n se demor\u00f3 y<strong>\u00a0podr\u00eda entrar en vigencia a partir de marzo.<\/strong><\/p>\n\n\n\n<p>En el caso de los usuarios de luz y gas de mayores ingresos actualmente no pueden pedir el subsidio quienes tengan tres o m\u00e1s veh\u00edculos con una antig\u00fcedad menor a cinco a\u00f1os, entre otra serie de requisitos, como la posesi\u00f3n de tres o m\u00e1s inmuebles.<\/p>\n\n\n\n<h2 class=\"wp-block-heading\">El secretario de Energ\u00eda habl\u00f3 sobre la suba en las tarifas de luz: \u201cEl precio debe reflejar el costo de suministro\u201d<\/h2>\n\n\n\n<p>El secretario de Energ\u00eda,\u00a0<strong>Eduardo Rodr\u00edguez Chirillo,<\/strong>\u00a0respald\u00f3 la fuerte suba de tarifas de luz de hasta\u00a0<strong>150%<\/strong>\u00a0para los usuarios del \u00c1rea Metropolitana de Buenos Aires (AMBA): \u201cDesde hace casi dos d\u00e9cadas se rompi\u00f3 un principio que es fundamental y tratamos de transmitir a la gente que la tarifa que se paga tiene que<strong>\u00a0reflejar el costo\u00a0<\/strong>del suministro\u201d, en declaraciones a<em>\u00a0Radio Mitre.<\/em><\/p>\n\n\n\n<p>Rodr\u00edguez Chirillo advirti\u00f3 \u201cAntes de ser Gobierno avisamos que el sistema es muy vulnerable, desde hace tiempo hablamos de la<strong>&nbsp;vulnerabilidad del sistema el\u00e9ctrico<\/strong>&nbsp;fruto de dos d\u00e9cadas de&nbsp;<strong>un modelo que mostr\u00f3 su agotamiento,<\/strong>&nbsp;no crecemos en generaci\u00f3n de electricidad, no se hacen l\u00edneas de transporte y no se hace inversi\u00f3n en distribuci\u00f3n\u201d.<\/p>\n\n\n\n<h2 class=\"wp-block-heading\">El Gobierno autoriz\u00f3 subas de hasta 150% en la luz y posterg\u00f3 los aumentos en el gas<\/h2>\n\n\n\n<p>La secretar\u00eda de Energ\u00eda anunci\u00f3 la semana pasada aumentos de hasta 150% en las tarifas de luz para clientes del AMBA, esquema que prev\u00e9\u00a0<strong>actualizaciones mensuales\u00a0<\/strong>desde abril a partir de una f\u00f3rmula integrada por la inflaci\u00f3n, el \u00edndice de Precios Mayoristas (IPIM) y el \u00edndice de salarios, mientras que\u00a0posterg\u00f3 las alzas\u00a0en el servicio de gas para no alimentar la inflaci\u00f3n.<\/p>\n\n\n\n<p>El interventor del Ente Nacional Regulador del Gas (ENARGAS),\u00a0<strong>Carlos Casares,<\/strong>\u00a0determin\u00f3 que la suba en el servicio energ\u00e9tico, que incidir\u00e1 en la inflaci\u00f3n, seguir\u00e1 en estudio y se conocer\u00e1 reci\u00e9n el\u00a0<strong>pr\u00f3ximo mes.<\/strong>\u00a0De acuerdo a la resoluci\u00f3n publicada en el Bolet\u00edn Oficial se definir\u00e1n dentro de los\u00a0<strong>pr\u00f3ximos 30 d\u00edas,<\/strong>\u00a0cuando terminen las etapas de an\u00e1lisis. De esta manera el Ejecutivo evita sumarle presi\u00f3n a la inflaci\u00f3n de marzo, un mes estacionalmente alto para este \u00edndice.<\/p>\n\n\n\n<p><\/p>\n\n\n\n<p><em>Fuente: Todo Noticias.<\/em><\/p>\n","protected":false},"excerpt":{"rendered":"<p>Se discutir\u00e1 en la pr\u00f3xima audiencia p\u00fablica del 29 de febrero. Hasta ahora, una de las condiciones para sacar la asistencia es tener un veh\u00edculo con menos de tres a\u00f1os.&hellip; <\/p>\n","protected":false},"author":6,"featured_media":126435,"comment_status":"closed","ping_status":"open","sticky":false,"template":"","format":"standard","meta":{"footnotes":""},"categories":[20],"tags":[],"class_list":["post-126434","post","type-post","status-publish","format-standard","has-post-thumbnail","hentry","category-economia"],"_links":{"self":[{"href":"https:\/\/corrientesdetarde.com\/index.php\/wp-json\/wp\/v2\/posts\/126434","targetHints":{"allow":["GET"]}}],"collection":[{"href":"https:\/\/corrientesdetarde.com\/index.php\/wp-json\/wp\/v2\/posts"}],"about":[{"href":"https:\/\/corrientesdetarde.com\/index.php\/wp-json\/wp\/v2\/types\/post"}],"author":[{"embeddable":true,"href":"https:\/\/corrientesdetarde.com\/index.php\/wp-json\/wp\/v2\/users\/6"}],"replies":[{"embeddable":true,"href":"https:\/\/corrientesdetarde.com\/index.php\/wp-json\/wp\/v2\/comments?post=126434"}],"version-history":[{"count":1,"href":"https:\/\/corrientesdetarde.com\/index.php\/wp-json\/wp\/v2\/posts\/126434\/revisions"}],"predecessor-version":[{"id":126436,"href":"https:\/\/corrientesdetarde.com\/index.php\/wp-json\/wp\/v2\/posts\/126434\/revisions\/126436"}],"wp:featuredmedia":[{"embeddable":true,"href":"https:\/\/corrientesdetarde.com\/index.php\/wp-json\/wp\/v2\/media\/126435"}],"wp:attachment":[{"href":"https:\/\/corrientesdetarde.com\/index.php\/wp-json\/wp\/v2\/media?parent=126434"}],"wp:term":[{"taxonomy":"category","embeddable":true,"href":"https:\/\/corrientesdetarde.com\/index.php\/wp-json\/wp\/v2\/categories?post=126434"},{"taxonomy":"post_tag","embeddable":true,"href":"https:\/\/corrientesdetarde.com\/index.php\/wp-json\/wp\/v2\/tags?post=126434"}],"curies":[{"name":"wp","href":"https:\/\/api.w.org\/{rel}","templated":true}]}}