{"id":126437,"date":"2024-02-18T20:06:23","date_gmt":"2024-02-18T23:06:23","guid":{"rendered":"https:\/\/corrientesdetarde.com\/?p=126437"},"modified":"2024-02-18T20:06:26","modified_gmt":"2024-02-18T23:06:26","slug":"un-jubilado-fue-detenido-luego-de-abusar-de-una-adolescente-en-la-plata","status":"publish","type":"post","link":"https:\/\/corrientesdetarde.com\/index.php\/policiales\/un-jubilado-fue-detenido-luego-de-abusar-de-una-adolescente-en-la-plata\/","title":{"rendered":"Un jubilado fue detenido luego de abusar de una adolescente en La Plata."},"content":{"rendered":"\n<h2 class=\"wp-block-heading\">El acusado se desempe\u00f1aba como tutor legal de la chica. El aberrante episodio fue descubierto por polic\u00edas que patrullaban por la zona.<\/h2>\n\n\n\n<p>Un<strong>&nbsp;jubilado&nbsp;<\/strong>de 66 a\u00f1os fue detenido en&nbsp;<strong>La Plata,<\/strong>&nbsp;luego de ser descubierto por la Polic\u00eda cuando<strong>&nbsp;abusaba sexualmente de una adolescente de 15 a\u00f1os&nbsp;<\/strong>en su auto.<\/p>\n\n\n\n<p>Seg\u00fan informaron fuentes policiales, el acusado se desempe\u00f1aba como\u00a0<strong>tutor legal\u00a0<\/strong>de la menor.\u00a0<strong>\u201cNo es la primera vez que pasa\u201d<\/strong>, asegur\u00f3 la chica a los agentes.<\/p>\n\n\n\n<p>El ataque tuvo lugar en la intersecci\u00f3n de las calles 178 y 505, en la capital bonaerense, y&nbsp;<strong>fue advertido por polic\u00edas que patrullaban por la zona<\/strong>. Al observar una situaci\u00f3n extra\u00f1a en el interior de un veh\u00edculo estacionado, decidieron detenerse y acercarse para investigar la situaci\u00f3n.<\/p>\n\n\n\n<p>Fue en ese momento cuando el personal del Grupo de Tareas de Observaci\u00f3n (GTO) de la Comisar\u00eda 14 de La Plata, divisaron al hombre, identificado con las iniciales&nbsp;<strong>G.P.S.,&nbsp;<\/strong>que sal\u00eda de un auto Peugeot 306 mientras&nbsp;<strong>intentaba vestirse apresuradamente.<\/strong>&nbsp;Esa actitud levant\u00f3 sospechas sobre su actividad previa.<\/p>\n\n\n\n<p>La otra persona que estaba en el interior del veh\u00edculo era una adolescente de 15 a\u00f1os. Al ser entrevistada por la polic\u00eda, la joven cont\u00f3 que el hombre la estaba tocando.<\/p>\n\n\n\n<figure class=\"wp-block-image\"><img decoding=\"async\" src=\"https:\/\/tn.com.ar\/resizer\/FNwI-VuD5CS9tAqb6IB4vvcSBCo=\/767x0\/smart\/filters:format(webp)\/cloudfront-us-east-1.images.arcpublishing.com\/artear\/DCJ2POOKTBFKPIEICLHZQ6CH4Q.jpg\" alt=\"El jubilado fue descubierto por agentes que patrullaban en la zona. (Foto: Ministerio de Seguridad bonaerense).\"\/><figcaption>El jubilado fue descubierto por agentes que patrullaban en la zona. (Foto: Ministerio de Seguridad bonaerense).<\/figcaption><\/figure>\n\n\n\n<p><strong>\u201cMe est\u00e1 manoseando toda y no es la primera vez que esto pasa\u201d,<\/strong>&nbsp;expres\u00f3 y su declaraci\u00f3n revel\u00f3 que no se trat\u00f3 de un incidente aislado por parte de su tutor. Tras el testimonio de la chica, la Polic\u00eda lo llev\u00f3 detenido acusado de abuso sexual agravado.<\/p>\n\n\n\n<p>Intervino en la causa la UFI N\u00b015 del Departamento Judicial de La Plata, a cargo de Mar\u00eda Cecilia Corfield, quien convalid\u00f3 lo actuado e imparti\u00f3 directivas al respecto. En simult\u00e1neo, se dio intervenci\u00f3n al Organismo Provincial de la Ni\u00f1ez y Adolescencia.<\/p>\n\n\n\n<p><em>Fuente: Todo Noticias.<\/em><\/p>\n","protected":false},"excerpt":{"rendered":"<p>El acusado se desempe\u00f1aba como tutor legal de la chica. El aberrante episodio fue descubierto por polic\u00edas que patrullaban por la zona. Un&nbsp;jubilado&nbsp;de 66 a\u00f1os fue detenido en&nbsp;La Plata,&nbsp;luego de&hellip; <\/p>\n","protected":false},"author":6,"featured_media":126438,"comment_status":"closed","ping_status":"open","sticky":false,"template":"","format":"standard","meta":{"footnotes":""},"categories":[33],"tags":[],"class_list":["post-126437","post","type-post","status-publish","format-standard","has-post-thumbnail","hentry","category-policiales"],"_links":{"self":[{"href":"https:\/\/corrientesdetarde.com\/index.php\/wp-json\/wp\/v2\/posts\/126437","targetHints":{"allow":["GET"]}}],"collection":[{"href":"https:\/\/corrientesdetarde.com\/index.php\/wp-json\/wp\/v2\/posts"}],"about":[{"href":"https:\/\/corrientesdetarde.com\/index.php\/wp-json\/wp\/v2\/types\/post"}],"author":[{"embeddable":true,"href":"https:\/\/corrientesdetarde.com\/index.php\/wp-json\/wp\/v2\/users\/6"}],"replies":[{"embeddable":true,"href":"https:\/\/corrientesdetarde.com\/index.php\/wp-json\/wp\/v2\/comments?post=126437"}],"version-history":[{"count":1,"href":"https:\/\/corrientesdetarde.com\/index.php\/wp-json\/wp\/v2\/posts\/126437\/revisions"}],"predecessor-version":[{"id":126439,"href":"https:\/\/corrientesdetarde.com\/index.php\/wp-json\/wp\/v2\/posts\/126437\/revisions\/126439"}],"wp:featuredmedia":[{"embeddable":true,"href":"https:\/\/corrientesdetarde.com\/index.php\/wp-json\/wp\/v2\/media\/126438"}],"wp:attachment":[{"href":"https:\/\/corrientesdetarde.com\/index.php\/wp-json\/wp\/v2\/media?parent=126437"}],"wp:term":[{"taxonomy":"category","embeddable":true,"href":"https:\/\/corrientesdetarde.com\/index.php\/wp-json\/wp\/v2\/categories?post=126437"},{"taxonomy":"post_tag","embeddable":true,"href":"https:\/\/corrientesdetarde.com\/index.php\/wp-json\/wp\/v2\/tags?post=126437"}],"curies":[{"name":"wp","href":"https:\/\/api.w.org\/{rel}","templated":true}]}}