{"id":126541,"date":"2024-02-19T11:13:07","date_gmt":"2024-02-19T14:13:07","guid":{"rendered":"https:\/\/corrientesdetarde.com\/?p=126541"},"modified":"2024-02-19T11:13:19","modified_gmt":"2024-02-19T14:13:19","slug":"putin-mato-a-mi-marido-hablo-la-viuda-de-alexei-navalny-el-lider-opositor-que-aparecio-muerto-en-prision","status":"publish","type":"post","link":"https:\/\/corrientesdetarde.com\/index.php\/internacionales\/putin-mato-a-mi-marido-hablo-la-viuda-de-alexei-navalny-el-lider-opositor-que-aparecio-muerto-en-prision\/","title":{"rendered":"\u201cPutin mat\u00f3 a mi marido\u201d: habl\u00f3 la viuda de Alexei Navalny, el l\u00edder opositor que apareci\u00f3 muerto en prisi\u00f3n"},"content":{"rendered":"\n<p>La\u00a0<strong>viuda\u00a0<\/strong>del l\u00edder opositor ruso\u00a0<strong>Alexei Navalny<\/strong>, quien\u00a0apareci\u00f3 muerto en la prisi\u00f3n\u00a0en la que se encontraba alojado desde diciembre, acus\u00f3 directamente al presidente:<strong>\u00a0\u201cVladimir Putin mat\u00f3 a mi marido\u201d<\/strong>, sostuvo.<\/p>\n\n\n\n<p>Yulia Navalnaya public\u00f3 un video en el canal de\u00a0<em>Youtube\u00a0<\/em>del referente fallecido este lunes y critic\u00f3 al Kremlin. \u201cHace tres d\u00edas, Vladimir Putin mat\u00f3 a mi marido, Alexei Navalny.\u00a0<strong>Putin mat\u00f3 al padre de mis hijos\u201d<\/strong>, afirm\u00f3.<\/p>\n\n\n\n<p>Adem\u00e1s, asegur\u00f3 que seguir\u00e1 con la lucha de su esposo contra el presidente.&nbsp;<strong>\u201cContinuar\u00e9 la causa de Alexei Navalny y los llamo a estar a mi lado\u201d,<\/strong>&nbsp;sostuvo.<\/p>\n\n\n\n<p><strong>Navalny<\/strong>, muri\u00f3 el viernes de manera repentina en la prisi\u00f3n \u00e1rtica en la que se encontraba desde diciembre luego de realizar una caminata, seg\u00fan informaron los servicios penitenciarios de Rusia.<\/p>\n\n\n\n<figure class=\"wp-block-image\"><img decoding=\"async\" src=\"https:\/\/tn.com.ar\/resizer\/IUrlTBxBwNYnxi5QWWm29McQEuo=\/767x0\/smart\/filters:format(webp)\/cloudfront-us-east-1.images.arcpublishing.com\/artear\/ZSPLDSMV6QN4MU55UQI5MGT2ZM.jpg\" alt=\"Yulia Navalnaya responsabiliz\u00f3 a Putin por la muerte de su marido. (Foto: REUTERS\/Yves Herman\/Pool)\"\/><figcaption>Yulia Navalnaya responsabiliz\u00f3 a Putin por la muerte de su marido. (Foto: REUTERS\/Yves Herman\/Pool)Por:&nbsp;<strong>REUTERS<\/strong><\/figcaption><\/figure>\n\n\n\n<p><strong>\u201cAlexei muri\u00f3 en una colonia penitenciaria despu\u00e9s de tres a\u00f1os de tormento y tortura\u201d,&nbsp;<\/strong>sostuvo Navalnaya. \u201cLo m\u00e1s importante que podemos hacer por Alexei y por nosotros mismos es seguir luchando, m\u00e1s desesperada y ferozmente que antes\u201d, agreg\u00f3.<\/p>\n\n\n\n<p>En el mismo sentido, se\u00f1al\u00f3: \u201cNecesitamos aprovechar cada oportunidad para luchar contra la guerra, contra la corrupci\u00f3n, contra la injusticia, para luchar por elecciones justas y la libertad de expresi\u00f3n, para luchar por recuperar nuestro pa\u00eds\u201d.<\/p>\n\n\n\n<p><strong>\u201cSabemos exactamente por qu\u00e9 Putin mat\u00f3 a Alexei hace tres d\u00edas.&nbsp;<\/strong>Definitivamente,&nbsp;<strong>descubriremos exactamente qui\u00e9n llev\u00f3 a cabo este crimen y c\u00f3mo se llev\u00f3 a cabo.<\/strong>&nbsp;Daremos nombres y mostraremos caras\u201d, sentenci\u00f3.<\/p>\n\n\n\n<figure class=\"wp-block-image\"><img decoding=\"async\" src=\"https:\/\/tn.com.ar\/resizer\/IfH-uRAQtOlmf_n52vxheseXEn4=\/767x0\/smart\/filters:format(webp)\/cloudfront-us-east-1.images.arcpublishing.com\/artear\/RJK5GLFV4CGYS4WUKFKBOZX3AU.jpg\" alt=\"Navalny, muri\u00f3 el viernes de manera repentina en la prisi\u00f3n \u00e1rtica en la que se encontraba desde diciembre. (Foto: REUTERS\/Maxim Shemetov)\"\/><figcaption>Navalny, muri\u00f3 el viernes de manera repentina en la prisi\u00f3n \u00e1rtica en la que se encontraba desde diciembre. (Foto: REUTERS\/Maxim Shemetov)Por:&nbsp;<strong>REUTERS<\/strong><\/figcaption><\/figure>\n\n\n\n<p>El mandatario ruso habl\u00f3 este lunes sobre la muerte de Navalny y asegur\u00f3 que se est\u00e1 investigando el caso. Adem\u00e1s, critic\u00f3 a los gobiernos occidentales que dijeron que \u00e9l fue el responsable del deceso.<\/p>\n\n\n\n<p>Hasta ahora, las autoridades rusas se han negado a entregar el cuerpo de Navalny a su madre y a su abogado, lo que despert\u00f3 la ira de sus seguidores.<\/p>\n\n\n\n<h2 class=\"wp-block-heading\">La muerte de Alexei Navalny<\/h2>\n\n\n\n<p>De acuerdo a lo informado, el viernes Navalny&nbsp;<strong>comenz\u00f3 a sentirse mal despu\u00e9s de un paseo<\/strong>&nbsp;este viernes y casi inmediatamente perdi\u00f3 el conocimiento. En el lugar, lo asisti\u00f3 el personal m\u00e9dico y llamaron a una ambulancia, pero, pese a los intentos por reanimarlo, falleci\u00f3. El l\u00edder opositor a Vladimir Putin esperaba cumplir una condena de 19 a\u00f1os por cr\u00edmenes que eran considerados como pol\u00edticos.<\/p>\n\n\n\n<p>Nacido en 1976,\u00a0<strong>Alexei Navalny\u00a0<\/strong>era abogado y un pol\u00edtico reconocido como<strong>\u00a0el m\u00e1ximo opositor de\u00a0Vladimir Putin<\/strong>, presidente de Rusia. En sus inicios, se destac\u00f3 por organizar a trav\u00e9s de las redes sociales grandes protestas sobre la corrupci\u00f3n del gobierno y las empresas rusas.<\/p>\n\n\n\n<p>En agosto del 2020, comenz\u00f3 a sentirse mal durante un vuelo que lo llevaba de regreso a Mosc\u00fa desde la ciudad rusa de Tomsk. All\u00ed,&nbsp;<strong>cay\u00f3 en coma y se levantaron sospechas por envenenamiento<\/strong>.<\/p>\n\n\n\n<figure class=\"wp-block-image\"><img decoding=\"async\" src=\"https:\/\/tn.com.ar\/resizer\/aR47TmIVaBs1xeIthPaeIRNKvFk=\/767x0\/smart\/filters:format(webp)\/cloudfront-us-east-1.images.arcpublishing.com\/artear\/3TZB3NAGYQFWYFHRGIZHAEV344.jpg\" alt=\"Alexei Navalny muri\u00f3 este viernes en una prisi\u00f3n dentro del C\u00edrculo Polar \u00c1rtico. (Foto: REUTERS\/Tatyana Makeyeva)\n\"\/><figcaption>Alexei Navalny muri\u00f3 este viernes en una prisi\u00f3n dentro del C\u00edrculo Polar \u00c1rtico. (Foto: REUTERS\/Tatyana Makeyeva)Por:&nbsp;<strong>REUTERS<\/strong><\/figcaption><\/figure>\n\n\n\n<p>M\u00e1s de 10 d\u00edas despu\u00e9s,\u00a0<strong>el gobierno alem\u00e1n inform\u00f3 en un comunicado que\u00a0Navalny hab\u00eda sido envenenado\u00a0con un agente neurot\u00f3xico del grupo Novichok<\/strong>, el cual se hab\u00eda creado en la era sovi\u00e9tica con fines militares.<\/p>\n\n\n\n<p>Meses m\u00e1s tarde, cuando el opositor ruso ya se hab\u00eda recuperado difundi\u00f3 una conversaci\u00f3n telef\u00f3nica en la que se revelaba que\u00a0uno de los agentes de los servicios de seguridad rusa (FSB) admiti\u00f3 que efectivamente se trataba de un envenenamiento.<\/p>\n\n\n\n<p>A principios del 2021, fue condenado por un tribunal de Mosc\u00fa<strong>&nbsp;a m\u00e1s de dos a\u00f1os y medios de c\u00e1rcel por violar los t\u00e9rminos de libertad condicional de una sentencia por fraude impuesta en el 2014<\/strong>. Dicha medida judicial provoc\u00f3 manifestaciones a lo largo de todo el pa\u00eds.<\/p>\n\n\n\n<p>El 4 de agosto de 2023, Alexei Navalny fue condenado a&nbsp;<strong>19 a\u00f1os de prisi\u00f3n<\/strong>&nbsp;bajo la acusaci\u00f3n de extremismo en la colonia penal IK-6, ubicada en la localidad de Melejovo, donde finalmente muri\u00f3.<\/p>\n","protected":false},"excerpt":{"rendered":"<p>La\u00a0viuda\u00a0del l\u00edder opositor ruso\u00a0Alexei Navalny, quien\u00a0apareci\u00f3 muerto en la prisi\u00f3n\u00a0en la que se encontraba alojado desde diciembre, acus\u00f3 directamente al presidente:\u00a0\u201cVladimir Putin mat\u00f3 a mi marido\u201d, sostuvo. Yulia Navalnaya public\u00f3&hellip; <\/p>\n","protected":false},"author":12,"featured_media":126551,"comment_status":"closed","ping_status":"open","sticky":false,"template":"","format":"standard","meta":{"footnotes":""},"categories":[11],"tags":[],"class_list":["post-126541","post","type-post","status-publish","format-standard","has-post-thumbnail","hentry","category-internacionales"],"_links":{"self":[{"href":"https:\/\/corrientesdetarde.com\/index.php\/wp-json\/wp\/v2\/posts\/126541","targetHints":{"allow":["GET"]}}],"collection":[{"href":"https:\/\/corrientesdetarde.com\/index.php\/wp-json\/wp\/v2\/posts"}],"about":[{"href":"https:\/\/corrientesdetarde.com\/index.php\/wp-json\/wp\/v2\/types\/post"}],"author":[{"embeddable":true,"href":"https:\/\/corrientesdetarde.com\/index.php\/wp-json\/wp\/v2\/users\/12"}],"replies":[{"embeddable":true,"href":"https:\/\/corrientesdetarde.com\/index.php\/wp-json\/wp\/v2\/comments?post=126541"}],"version-history":[{"count":1,"href":"https:\/\/corrientesdetarde.com\/index.php\/wp-json\/wp\/v2\/posts\/126541\/revisions"}],"predecessor-version":[{"id":126552,"href":"https:\/\/corrientesdetarde.com\/index.php\/wp-json\/wp\/v2\/posts\/126541\/revisions\/126552"}],"wp:featuredmedia":[{"embeddable":true,"href":"https:\/\/corrientesdetarde.com\/index.php\/wp-json\/wp\/v2\/media\/126551"}],"wp:attachment":[{"href":"https:\/\/corrientesdetarde.com\/index.php\/wp-json\/wp\/v2\/media?parent=126541"}],"wp:term":[{"taxonomy":"category","embeddable":true,"href":"https:\/\/corrientesdetarde.com\/index.php\/wp-json\/wp\/v2\/categories?post=126541"},{"taxonomy":"post_tag","embeddable":true,"href":"https:\/\/corrientesdetarde.com\/index.php\/wp-json\/wp\/v2\/tags?post=126541"}],"curies":[{"name":"wp","href":"https:\/\/api.w.org\/{rel}","templated":true}]}}