{"id":126560,"date":"2024-02-19T11:30:53","date_gmt":"2024-02-19T14:30:53","guid":{"rendered":"https:\/\/corrientesdetarde.com\/?p=126560"},"modified":"2024-02-19T11:31:19","modified_gmt":"2024-02-19T14:31:19","slug":"tras-el-escandalo-en-hong-kong-messi-tuvo-que-grabar-un-video-pidiendo-disculpas-por-no-jugar","status":"publish","type":"post","link":"https:\/\/corrientesdetarde.com\/index.php\/deportes\/tras-el-escandalo-en-hong-kong-messi-tuvo-que-grabar-un-video-pidiendo-disculpas-por-no-jugar\/","title":{"rendered":"Tras el esc\u00e1ndalo en Hong Kong, Messi tuvo que grabar un video pidiendo disculpas por no jugar"},"content":{"rendered":"\n<p>Despu\u00e9s de varios d\u00edas y de haberse visto envuelto en un esc\u00e1ndalo,<strong>Lionel Messi\u00a0grab\u00f3 un video pidi\u00e9ndole disculpas a los fan\u00e1ticos de Hong Kong.<\/strong>\u00a0Esto porque\u00a0<strong>no disput\u00f3 minutos en el partido amistoso del\u00a0Inter Miami\u00a0frente a un combinado de la liga local.<\/strong><\/p>\n\n\n\n<p>A trav\u00e9s de Weibo, una red social china similar a Facebook, el astro argentino\u00a0<strong>desminti\u00f3 los rumores de que no jug\u00f3 por un tema pol\u00edtico y aclar\u00f3 que fue exclusivamente por la dolencia f\u00edsica en la pierna.<\/strong><\/p>\n\n\n\n<p><strong>\u201cComo dije en la conferencia de prensa que hice, ten\u00eda una inflamaci\u00f3n en el aductor y no pod\u00eda participar\u201c<\/strong>, asegur\u00f3 Messi sobre el dolor que lo margin\u00f3 de poder completar la gira de amistosos de pretemporada del Inter Miami por Arabia Saudita, Hong Kong y Jap\u00f3n.<\/p>\n\n\n\n<figure class=\"wp-block-image\"><img decoding=\"async\" src=\"https:\/\/tn.com.ar\/resizer\/9HM-KFbCizXPNq2ymAlpk-Bd8Yc=\/767x0\/smart\/filters:format(webp)\/thumbs.vodgc.net\/1-14-XvYbFl1708349879348_480P.jpg\" alt=\"Video Placeholder\"\/><\/figure>\n\n\n\n<p>Lionel Messi pidi\u00f3 disculpas por no jugar en Hong Kong. (Video: X\/ @ClassicSchmo)<\/p>\n\n\n\n<p>Sobre cu\u00e1ndo comenz\u00f3 a sentir esa molestia en la pierna, Lionel Messi explic\u00f3: \u201cEn el primer partido que jugu\u00e9 en Arabia lo sent\u00ed, en el segundo intent\u00e9 jugar un rato y fue a peor.&nbsp;<strong>Intent\u00e9 el d\u00eda anterior entrenar y hacer el esfuerzo por toda la gente que hab\u00eda. Hice lo que pude y la verdad que no pod\u00eda jugar<\/strong>\u201d.<\/p>\n\n\n\n<p>Por \u00faltimo, el capit\u00e1n de la Selecci\u00f3n argentina aclar\u00f3 que jug\u00f3 en Jap\u00f3n porque despu\u00e9s de unos d\u00edas se sinti\u00f3 mejor.&nbsp;<strong>\u201cYa lo hab\u00eda dicho pero cre\u00eda que era importante volver a repetirlo despu\u00e9s de todo lo que se est\u00e1 hablando\u201d, cerr\u00f3.<\/strong><\/p>\n\n\n\n<h2 class=\"wp-block-heading\">El conflicto que pone en peligro el debut de Lionel Messi en la temporada 2024 de la MLS<\/h2>\n\n\n\n<p>El pr\u00f3ximo mi\u00e9rcoles 21 de febrero ser\u00e1 el d\u00eda en que la MLS se ponga en marcha nuevamente. El debut estar\u00e1 a cargo del Inter Miami de Lionel Messi, que enfrentar\u00e1 al Real Salt Lake en el DRV PNK Stadium de Fort Lauderdale. Sin embargo, un conflicto particular pone el peligro el comienzo de la liga estadounidense.<\/p>\n\n\n\n<figure class=\"wp-block-image\"><img decoding=\"async\" src=\"https:\/\/tn.com.ar\/resizer\/f_X96K01kDGYt822u-nHOaqNyiA=\/767x0\/smart\/filters:format(webp)\/cloudfront-us-east-1.images.arcpublishing.com\/artear\/VMVAYLH4YFFS5BSRHDBH3QHT34.jpg\" alt=\"El Inter Miami de Lionel Messi debutar\u00e1 en la MLS el pr\u00f3ximo mi\u00e9rcoles 21 de febrero. (Foto: AFP)\"\/><figcaption>El Inter Miami de Lionel Messi debutar\u00e1 en la MLS el pr\u00f3ximo mi\u00e9rcoles 21 de febrero. (Foto: AFP)<\/figcaption><\/figure>\n\n\n\n<p>Y es que el torneo comenzar\u00e1 con \u00e1rbitros suplentes ya que el sindicado que representa a los titulares no lleg\u00f3 a un acuerdo a la propuesta de aumento salarial.&nbsp;<strong>Peter Manikowski<\/strong>, presidente de la<strong>&nbsp;Asociaci\u00f3n de \u00c1rbitros<\/strong>, explic\u00f3 que los jueces buscan una mejor retribuci\u00f3n ante el incremento del nivel de la MLS, que termin\u00f3 desencadenando mayores exigencias a nivel f\u00edsico y mental.<\/p>\n","protected":false},"excerpt":{"rendered":"<p>Despu\u00e9s de varios d\u00edas y de haberse visto envuelto en un esc\u00e1ndalo,Lionel Messi\u00a0grab\u00f3 un video pidi\u00e9ndole disculpas a los fan\u00e1ticos de Hong Kong.\u00a0Esto porque\u00a0no disput\u00f3 minutos en el partido amistoso&hellip; <\/p>\n","protected":false},"author":12,"featured_media":126564,"comment_status":"closed","ping_status":"open","sticky":false,"template":"","format":"standard","meta":{"footnotes":""},"categories":[4],"tags":[],"class_list":["post-126560","post","type-post","status-publish","format-standard","has-post-thumbnail","hentry","category-deportes"],"_links":{"self":[{"href":"https:\/\/corrientesdetarde.com\/index.php\/wp-json\/wp\/v2\/posts\/126560","targetHints":{"allow":["GET"]}}],"collection":[{"href":"https:\/\/corrientesdetarde.com\/index.php\/wp-json\/wp\/v2\/posts"}],"about":[{"href":"https:\/\/corrientesdetarde.com\/index.php\/wp-json\/wp\/v2\/types\/post"}],"author":[{"embeddable":true,"href":"https:\/\/corrientesdetarde.com\/index.php\/wp-json\/wp\/v2\/users\/12"}],"replies":[{"embeddable":true,"href":"https:\/\/corrientesdetarde.com\/index.php\/wp-json\/wp\/v2\/comments?post=126560"}],"version-history":[{"count":2,"href":"https:\/\/corrientesdetarde.com\/index.php\/wp-json\/wp\/v2\/posts\/126560\/revisions"}],"predecessor-version":[{"id":126566,"href":"https:\/\/corrientesdetarde.com\/index.php\/wp-json\/wp\/v2\/posts\/126560\/revisions\/126566"}],"wp:featuredmedia":[{"embeddable":true,"href":"https:\/\/corrientesdetarde.com\/index.php\/wp-json\/wp\/v2\/media\/126564"}],"wp:attachment":[{"href":"https:\/\/corrientesdetarde.com\/index.php\/wp-json\/wp\/v2\/media?parent=126560"}],"wp:term":[{"taxonomy":"category","embeddable":true,"href":"https:\/\/corrientesdetarde.com\/index.php\/wp-json\/wp\/v2\/categories?post=126560"},{"taxonomy":"post_tag","embeddable":true,"href":"https:\/\/corrientesdetarde.com\/index.php\/wp-json\/wp\/v2\/tags?post=126560"}],"curies":[{"name":"wp","href":"https:\/\/api.w.org\/{rel}","templated":true}]}}