{"id":126580,"date":"2024-02-19T14:22:07","date_gmt":"2024-02-19T17:22:07","guid":{"rendered":"https:\/\/corrientesdetarde.com\/?p=126580"},"modified":"2024-02-19T14:22:18","modified_gmt":"2024-02-19T17:22:18","slug":"se-iniciaran-practicas-profesionales-odontologicas-en-el-hospital-geriatrico","status":"publish","type":"post","link":"https:\/\/corrientesdetarde.com\/index.php\/bienestar-y-salud\/se-iniciaran-practicas-profesionales-odontologicas-en-el-hospital-geriatrico\/","title":{"rendered":"Se iniciar\u00e1n pr\u00e1cticas profesionales odontol\u00f3gicas en el hospital Geri\u00e1trico"},"content":{"rendered":"\n<p><em>Se trata de un logro producto de un acuerdo entre ese centro asistencial y la Facultad de Odontolog\u00eda de la UNNE.<\/em><\/p>\n\n\n\n<p>El hospital Geri\u00e1trico &#8220;Juana Francisca Cabral&#8221;, dependiente del Ministerio de Salud P\u00fablica, firm\u00f3 un acuerdo de trabajo con la Facultad de Odontolog\u00eda de la Universidad Nacional del Nordeste (UNNE) para la realizaci\u00f3n de pr\u00e1cticas profesionales supervisadas en la instituci\u00f3n, en el marco de la asignatura de Odontolog\u00eda Integral.<\/p>\n\n\n\n<p>El acuerdo, fue refrendado por el director Ejecutivo del hospital Geri\u00e1trico, German Braillard Poccard; y, en representaci\u00f3n de la Facultad de Odontolog\u00eda, la decana Beatriz Juana Cardozo. Adem\u00e1s, participaron de la firma el director Asistencial del hospital Geri\u00e1trico, Humberto Azulay; el doctor Marcelo Repka Caravaca, quien oficiar\u00e1 en las pr\u00e1cticas de Coordinador Asistencial (Tutor responsable); la secretaria Acad\u00e9mica de la Facultad de Odontolog\u00eda, Nilda Mar\u00eda del Rosario \u00c1lvarez; la profesora Patricia Alejandra Vaculik, quien se desempe\u00f1ar\u00e1 como Coordinadora General y F\u00e9lix Mar\u00eda Delgado.<\/p>\n\n\n\n<p>&#8220;Por primera vez el hospital Geri\u00e1trico logra una vinculaci\u00f3n acad\u00e9mica y asistencial de esta modalidad en el Servicio de Odontolog\u00eda. Los participantes estar\u00e1n supervisados de forma regular en la pr\u00e1ctica que se llevar\u00e1 a cabo con una rotaci\u00f3n de 60 d\u00edas hasta finalizar el a\u00f1o calendario&#8221;, remarcaron desde el hospital Geri\u00e1trico.<\/p>\n\n\n\n<p>&#8220;Entre los variados objetivos del acuerdo, se busca en principio el beneficio de la comunidad y que los organismos administradores de salud y formadores de recursos humanos a nivel universitario, se vinculen y utilicen sus recursos materiales y humanos, as\u00ed como que el proceso ense\u00f1anza-aprendizaje de las facultades en la pr\u00e1ctica, se acerque a las necesidades reales de la poblaci\u00f3n en la formaci\u00f3n de conocimientos profesionales en el \u00e1rea de la salud p\u00fablica&#8221;, agregaron.<\/p>\n\n\n\n<figure class=\"wp-block-image size-large\"><img loading=\"lazy\" decoding=\"async\" width=\"1024\" height=\"536\" src=\"https:\/\/corrientesdetarde.com\/wp-content\/uploads\/2024\/02\/image-210-1024x536.png\" alt=\"\" class=\"wp-image-126581\" srcset=\"https:\/\/corrientesdetarde.com\/wp-content\/uploads\/2024\/02\/image-210-1024x536.png 1024w, https:\/\/corrientesdetarde.com\/wp-content\/uploads\/2024\/02\/image-210-300x157.png 300w, https:\/\/corrientesdetarde.com\/wp-content\/uploads\/2024\/02\/image-210-768x402.png 768w, https:\/\/corrientesdetarde.com\/wp-content\/uploads\/2024\/02\/image-210.png 1280w\" sizes=\"auto, (max-width: 1024px) 100vw, 1024px\" \/><\/figure>\n","protected":false},"excerpt":{"rendered":"<p>Se trata de un logro producto de un acuerdo entre ese centro asistencial y la Facultad de Odontolog\u00eda de la UNNE. El hospital Geri\u00e1trico &#8220;Juana Francisca Cabral&#8221;, dependiente del Ministerio&hellip; <\/p>\n","protected":false},"author":8,"featured_media":126582,"comment_status":"closed","ping_status":"open","sticky":false,"template":"","format":"standard","meta":{"footnotes":""},"categories":[16],"tags":[],"class_list":["post-126580","post","type-post","status-publish","format-standard","has-post-thumbnail","hentry","category-bienestar-y-salud"],"_links":{"self":[{"href":"https:\/\/corrientesdetarde.com\/index.php\/wp-json\/wp\/v2\/posts\/126580","targetHints":{"allow":["GET"]}}],"collection":[{"href":"https:\/\/corrientesdetarde.com\/index.php\/wp-json\/wp\/v2\/posts"}],"about":[{"href":"https:\/\/corrientesdetarde.com\/index.php\/wp-json\/wp\/v2\/types\/post"}],"author":[{"embeddable":true,"href":"https:\/\/corrientesdetarde.com\/index.php\/wp-json\/wp\/v2\/users\/8"}],"replies":[{"embeddable":true,"href":"https:\/\/corrientesdetarde.com\/index.php\/wp-json\/wp\/v2\/comments?post=126580"}],"version-history":[{"count":1,"href":"https:\/\/corrientesdetarde.com\/index.php\/wp-json\/wp\/v2\/posts\/126580\/revisions"}],"predecessor-version":[{"id":126583,"href":"https:\/\/corrientesdetarde.com\/index.php\/wp-json\/wp\/v2\/posts\/126580\/revisions\/126583"}],"wp:featuredmedia":[{"embeddable":true,"href":"https:\/\/corrientesdetarde.com\/index.php\/wp-json\/wp\/v2\/media\/126582"}],"wp:attachment":[{"href":"https:\/\/corrientesdetarde.com\/index.php\/wp-json\/wp\/v2\/media?parent=126580"}],"wp:term":[{"taxonomy":"category","embeddable":true,"href":"https:\/\/corrientesdetarde.com\/index.php\/wp-json\/wp\/v2\/categories?post=126580"},{"taxonomy":"post_tag","embeddable":true,"href":"https:\/\/corrientesdetarde.com\/index.php\/wp-json\/wp\/v2\/tags?post=126580"}],"curies":[{"name":"wp","href":"https:\/\/api.w.org\/{rel}","templated":true}]}}