{"id":126585,"date":"2024-02-19T14:26:59","date_gmt":"2024-02-19T17:26:59","guid":{"rendered":"https:\/\/corrientesdetarde.com\/?p=126585"},"modified":"2024-02-19T14:27:10","modified_gmt":"2024-02-19T17:27:10","slug":"referentes-del-running-correntino-valoraron-apoyo-gubernamental","status":"publish","type":"post","link":"https:\/\/corrientesdetarde.com\/index.php\/deportes\/referentes-del-running-correntino-valoraron-apoyo-gubernamental\/","title":{"rendered":"Referentes del running correntino valoraron apoyo gubernamental"},"content":{"rendered":"\n<p>Tras ser recibidos por el Secretario de Deportes Jorge Terrile, integrantes de la Asociaci\u00f3n Civil Corredores del Taragui destacaron este lunes el trabajo organizativo de cara al inicio del Circuito Correntino de Running 2024; sumado a la articulaci\u00f3n de la Secretar\u00eda de Deportes para el \u00e9xito del conjunto de competencias programadas.<\/p>\n\n\n\n<p>Al respecto, el se\u00f1or Rub\u00e9n Velozo coment\u00f3 que la visita tuvo por objeto destacar el \u201cfuerte agradecimiento\u201d de la Asociaci\u00f3n Civil Corredores el Taragui por el acompa\u00f1amiento que se viene dando desde el \u00e1rea de Deportes de la Provincia. &nbsp;<\/p>\n\n\n\n<p>\u201cEstamos trabajando en el inicio del Circuito Correntino; hablamos de la marat\u00f3n Corrientes \u2013 Chaco, y las competencias con atletas federados\u201d, puntualiz\u00f3 Velozo junto a la socia fundadora de la Asociaci\u00f3n, la reconocida atleta Silvia C\u00f3rdoba.<\/p>\n\n\n\n<p>Cabe se\u00f1alar que el encuentro tambi\u00e9n cont\u00f3 con la presencia de Sof\u00eda Isabel Valenzuela (medalla de Plata en el Gran Prix del Mercosur en la prueba de 5km y bronce en 10km); y Lilian Dolores Montenegro (medalla de bronce en 5.000m en el Campeonato Argentino, y bronce en 1.500m).<\/p>\n","protected":false},"excerpt":{"rendered":"<p>Tras ser recibidos por el Secretario de Deportes Jorge Terrile, integrantes de la Asociaci\u00f3n Civil Corredores del Taragui destacaron este lunes el trabajo organizativo de cara al inicio del Circuito&hellip; <\/p>\n","protected":false},"author":8,"featured_media":126586,"comment_status":"closed","ping_status":"open","sticky":false,"template":"","format":"standard","meta":{"footnotes":""},"categories":[4],"tags":[],"class_list":["post-126585","post","type-post","status-publish","format-standard","has-post-thumbnail","hentry","category-deportes"],"_links":{"self":[{"href":"https:\/\/corrientesdetarde.com\/index.php\/wp-json\/wp\/v2\/posts\/126585","targetHints":{"allow":["GET"]}}],"collection":[{"href":"https:\/\/corrientesdetarde.com\/index.php\/wp-json\/wp\/v2\/posts"}],"about":[{"href":"https:\/\/corrientesdetarde.com\/index.php\/wp-json\/wp\/v2\/types\/post"}],"author":[{"embeddable":true,"href":"https:\/\/corrientesdetarde.com\/index.php\/wp-json\/wp\/v2\/users\/8"}],"replies":[{"embeddable":true,"href":"https:\/\/corrientesdetarde.com\/index.php\/wp-json\/wp\/v2\/comments?post=126585"}],"version-history":[{"count":1,"href":"https:\/\/corrientesdetarde.com\/index.php\/wp-json\/wp\/v2\/posts\/126585\/revisions"}],"predecessor-version":[{"id":126587,"href":"https:\/\/corrientesdetarde.com\/index.php\/wp-json\/wp\/v2\/posts\/126585\/revisions\/126587"}],"wp:featuredmedia":[{"embeddable":true,"href":"https:\/\/corrientesdetarde.com\/index.php\/wp-json\/wp\/v2\/media\/126586"}],"wp:attachment":[{"href":"https:\/\/corrientesdetarde.com\/index.php\/wp-json\/wp\/v2\/media?parent=126585"}],"wp:term":[{"taxonomy":"category","embeddable":true,"href":"https:\/\/corrientesdetarde.com\/index.php\/wp-json\/wp\/v2\/categories?post=126585"},{"taxonomy":"post_tag","embeddable":true,"href":"https:\/\/corrientesdetarde.com\/index.php\/wp-json\/wp\/v2\/tags?post=126585"}],"curies":[{"name":"wp","href":"https:\/\/api.w.org\/{rel}","templated":true}]}}