{"id":126793,"date":"2024-02-20T09:37:20","date_gmt":"2024-02-20T12:37:20","guid":{"rendered":"https:\/\/corrientesdetarde.com\/?p=126793"},"modified":"2024-02-20T09:37:32","modified_gmt":"2024-02-20T12:37:32","slug":"cosudem-respalda-decision-del-gobernador-de-tierra-del-fuego-de-declarar-persona-non-grata-al-canciller-britanico-en-las-malvinas","status":"publish","type":"post","link":"https:\/\/corrientesdetarde.com\/index.php\/politica\/cosudem-respalda-decision-del-gobernador-de-tierra-del-fuego-de-declarar-persona-non-grata-al-canciller-britanico-en-las-malvinas\/","title":{"rendered":"COSUDEM RESPALDA DECISI\u00d3N DEL GOBERNADOR DE TIERRA DEL FUEGO DE DECLARAR PERSONA NON GRATA AL CANCILLER BRIT\u00c1NICO EN LAS MALVINAS"},"content":{"rendered":"\n<p>La Confederaci\u00f3n Sudamericana de Municipios (COSUDEM), presidida por Juan Matteo, ha expresado un firme respaldo a la decisi\u00f3n del Gobernador de Tierra del Fuego, Ant\u00e1rtida e Islas del Atl\u00e1ntico Sur, Gustavo A. Melella, de declarar &#8220;persona non grata&#8221; al Secretario de Estado para Relaciones Exteriores y Asuntos de la Mancomunidad del Reino Unido, David William Donald Cameron, luego de su reciente visita a las Islas Malvinas.<\/p>\n\n\n\n<p>Este apoyo expresa el repudio de los intendentes de toda Latinoam\u00e9rica, quienes han expresado a trav\u00e9s de la COSUDEM su solidaridad con el gobernador y su condena a la actitud del gobierno brit\u00e1nico en contra del derecho soberano del pueblo argentino.<\/p>\n\n\n\n<figure class=\"wp-block-gallery has-nested-images columns-default is-cropped wp-block-gallery-1 is-layout-flex wp-block-gallery-is-layout-flex\">\n<figure class=\"wp-block-image size-large\"><img loading=\"lazy\" decoding=\"async\" width=\"1024\" height=\"1024\" data-id=\"126810\" src=\"https:\/\/corrientesdetarde.com\/wp-content\/uploads\/2024\/02\/fam-no-colonailismo-1024x1024.jpeg\" alt=\"\" class=\"wp-image-126810\" srcset=\"https:\/\/corrientesdetarde.com\/wp-content\/uploads\/2024\/02\/fam-no-colonailismo-1024x1024.jpeg 1024w, https:\/\/corrientesdetarde.com\/wp-content\/uploads\/2024\/02\/fam-no-colonailismo-300x300.jpeg 300w, https:\/\/corrientesdetarde.com\/wp-content\/uploads\/2024\/02\/fam-no-colonailismo-150x150.jpeg 150w, https:\/\/corrientesdetarde.com\/wp-content\/uploads\/2024\/02\/fam-no-colonailismo-768x768.jpeg 768w, https:\/\/corrientesdetarde.com\/wp-content\/uploads\/2024\/02\/fam-no-colonailismo.jpeg 1280w\" sizes=\"auto, (max-width: 1024px) 100vw, 1024px\" \/><\/figure>\n<\/figure>\n\n\n\n<p><br>El comunicado oficial de Melella, respaldado por la Constituci\u00f3n Provincial y Nacional, rechaza en\u00e9rgicamente la ocupaci\u00f3n ilegal brit\u00e1nica en las Islas Malvinas y califica la visita de Cameron como una provocaci\u00f3n injustificada y una violaci\u00f3n al derecho internacional. Asimismo, subraya la responsabilidad del Canciller Brit\u00e1nico en violaciones a las resoluciones de la ONU sobre la cuesti\u00f3n de las Malvinas y en acciones contra los derechos soberanos argentinos mediante servicios de inteligencia.<br>La presencia de Cameron en las Islas Malvinas, previa a la Reuni\u00f3n de Cancilleres del G20, ha sido vista como una afrenta a la memoria de los excombatientes y ca\u00eddos en el Conflicto del Atl\u00e1ntico Sur, as\u00ed como al pueblo argentino en su conjunto. En este contexto, Melella enfatiza la necesidad urgente de defender los derechos y la memoria de aquellos que lucharon por la soberan\u00eda argentina en las Malvinas.<br>El decreto emitido por el gobernador tambi\u00e9n invita a otras provincias y entidades relacionadas con la causa de las Malvinas a adherirse a la medida, y ser\u00e1 comunicado a las autoridades nacionales y a la Embajada brit\u00e1nica en Argentina. Esta acci\u00f3n refleja el compromiso inquebrantable de Tierra del Fuego en la defensa de la soberan\u00eda argentina sobre las Islas Malvinas, Georgias del Sur, S\u00e1ndwich del Sur y los espacios mar\u00edtimos e insulares correspondientes.<\/p>\n","protected":false},"excerpt":{"rendered":"<p>La Confederaci\u00f3n Sudamericana de Municipios (COSUDEM), presidida por Juan Matteo, ha expresado un firme respaldo a la decisi\u00f3n del Gobernador de Tierra del Fuego, Ant\u00e1rtida e Islas del Atl\u00e1ntico Sur,&hellip; <\/p>\n","protected":false},"author":11,"featured_media":126799,"comment_status":"closed","ping_status":"open","sticky":false,"template":"","format":"standard","meta":{"footnotes":""},"categories":[3],"tags":[864,86,79,1618],"class_list":["post-126793","post","type-post","status-publish","format-standard","has-post-thumbnail","hentry","category-politica","tag-cosudem","tag-malvinas","tag-matteo","tag-melella"],"_links":{"self":[{"href":"https:\/\/corrientesdetarde.com\/index.php\/wp-json\/wp\/v2\/posts\/126793","targetHints":{"allow":["GET"]}}],"collection":[{"href":"https:\/\/corrientesdetarde.com\/index.php\/wp-json\/wp\/v2\/posts"}],"about":[{"href":"https:\/\/corrientesdetarde.com\/index.php\/wp-json\/wp\/v2\/types\/post"}],"author":[{"embeddable":true,"href":"https:\/\/corrientesdetarde.com\/index.php\/wp-json\/wp\/v2\/users\/11"}],"replies":[{"embeddable":true,"href":"https:\/\/corrientesdetarde.com\/index.php\/wp-json\/wp\/v2\/comments?post=126793"}],"version-history":[{"count":1,"href":"https:\/\/corrientesdetarde.com\/index.php\/wp-json\/wp\/v2\/posts\/126793\/revisions"}],"predecessor-version":[{"id":126811,"href":"https:\/\/corrientesdetarde.com\/index.php\/wp-json\/wp\/v2\/posts\/126793\/revisions\/126811"}],"wp:featuredmedia":[{"embeddable":true,"href":"https:\/\/corrientesdetarde.com\/index.php\/wp-json\/wp\/v2\/media\/126799"}],"wp:attachment":[{"href":"https:\/\/corrientesdetarde.com\/index.php\/wp-json\/wp\/v2\/media?parent=126793"}],"wp:term":[{"taxonomy":"category","embeddable":true,"href":"https:\/\/corrientesdetarde.com\/index.php\/wp-json\/wp\/v2\/categories?post=126793"},{"taxonomy":"post_tag","embeddable":true,"href":"https:\/\/corrientesdetarde.com\/index.php\/wp-json\/wp\/v2\/tags?post=126793"}],"curies":[{"name":"wp","href":"https:\/\/api.w.org\/{rel}","templated":true}]}}