{"id":126822,"date":"2024-02-20T10:47:59","date_gmt":"2024-02-20T13:47:59","guid":{"rendered":"https:\/\/corrientesdetarde.com\/?p=126822"},"modified":"2024-02-20T10:48:11","modified_gmt":"2024-02-20T13:48:11","slug":"juicio-a-jose-alperovich-un-rechazo-en-la-causa-complica-al-exgobernador","status":"publish","type":"post","link":"https:\/\/corrientesdetarde.com\/index.php\/politica\/juicio-a-jose-alperovich-un-rechazo-en-la-causa-complica-al-exgobernador\/","title":{"rendered":"Juicio a Jos\u00e9 Alperovich: un rechazo en la causa complica al exgobernador"},"content":{"rendered":"\n<p><strong>Jos\u00e9 Alperovich<\/strong>, exgobernador de Tucum\u00e1n&nbsp;y quien est\u00e1 enfrentando un juicio oral por presunto abuso sexual contra su sobrina y exempleada, sufri\u00f3 un nuevo r\u00e9ves judicial en el marco de la causa, en la que pretend\u00eda que lo juzgue un tribunal popular.&nbsp;<\/p>\n\n\n\n<p>La C\u00e1mara de Casaci\u00f3n porte\u00f1a declar\u00f3 &#8220;inadmisible&#8221; un planteo de la defensa de\u00a0<strong>Alperovich,<\/strong>\u00a0a cargo de los abogados Augusto Garrido y Mercedes Rodr\u00edguez Goyena, que pretend\u00edan que fuera la\u00a0<strong>Corte Suprema<\/strong>\u00a0la que decidiera si deb\u00eda ser juzgado por un tribunal popular.\u00a0<\/p>\n\n\n\n<p>Por su parte, los\u00a0jueces Pablo Jantus y Eugenio Sarrabayouse recordaron que durante la etapa previa al juicio que atraviesa Alperovich su por entonces abogado, el ministro de Justicia\u00a0<strong>Mariano C\u00faneo Libarona,<\/strong>\u00a0hab\u00eda pedido que &#8220;se aplique el procedimiento de juicio por jurados previsto en la ley 6.451 de la Ciudad Aut\u00f3noma de Buenos Aires&#8221;.\u00a0Pero ello le fue rechazado porque el procedimiento rige en los tribunales penales de la Capital Federal pero no en los nacionales, como el n\u00famero 29, que es el que actualmente lo juzga.<\/p>\n\n\n\n<p>&#8220;El traspaso de competencias entre los tribunales nacionales y los locales a\u00fan se encuentra en proceso, y ello depende \u00fanicamente del poder legislativo de cada jurisdicci\u00f3n y en modo alguno podr\u00eda ser suplido por la intervenci\u00f3n de los \u00f3rganos jurisdiccionales&#8221;, replic\u00f3 la Casaci\u00f3n porte\u00f1a.<\/p>\n\n\n\n<figure class=\"wp-block-image\"><img decoding=\"async\" src=\"https:\/\/www.mdzol.com\/u\/fotografias\/m\/2019\/11\/25\/f768x1-186_313_3238.jpg\" alt=\"\"\/><figcaption class=\"wp-element-caption\">Alperovich enfrenta un juicio con m\u00e1s de 80 testigos.&nbsp;<\/figcaption><\/figure>\n\n\n\n<p>La defensa de<strong>&nbsp;Alperovich<\/strong>, a\u00f1ade el fallo, &#8220;reedita argumentos ya analizados en oportunidad de declarar inadmisible su recurso de casaci\u00f3n e insiste con su pretensi\u00f3n de que las facultades jurisdiccionales se impongan por sobre la voluntad republicana de los procesos pol\u00edticos&#8221;.<\/p>\n\n\n\n<p><strong>Alperovich<\/strong>\u00a0tiene a\u00fan la posibilidad de recurrir ante la\u00a0<strong>Corte<\/strong>\u00a0mediante un recurso directo o de &#8220;queja&#8221;, que \u2013de todos modos- no interrumpir\u00e1 la continuidad del juicio al que est\u00e1 siendo sometido.\u00a0<\/p>\n","protected":false},"excerpt":{"rendered":"<p>Jos\u00e9 Alperovich, exgobernador de Tucum\u00e1n&nbsp;y quien est\u00e1 enfrentando un juicio oral por presunto abuso sexual contra su sobrina y exempleada, sufri\u00f3 un nuevo r\u00e9ves judicial en el marco de la&hellip; <\/p>\n","protected":false},"author":12,"featured_media":126823,"comment_status":"closed","ping_status":"open","sticky":false,"template":"","format":"standard","meta":{"footnotes":""},"categories":[3],"tags":[],"class_list":["post-126822","post","type-post","status-publish","format-standard","has-post-thumbnail","hentry","category-politica"],"_links":{"self":[{"href":"https:\/\/corrientesdetarde.com\/index.php\/wp-json\/wp\/v2\/posts\/126822","targetHints":{"allow":["GET"]}}],"collection":[{"href":"https:\/\/corrientesdetarde.com\/index.php\/wp-json\/wp\/v2\/posts"}],"about":[{"href":"https:\/\/corrientesdetarde.com\/index.php\/wp-json\/wp\/v2\/types\/post"}],"author":[{"embeddable":true,"href":"https:\/\/corrientesdetarde.com\/index.php\/wp-json\/wp\/v2\/users\/12"}],"replies":[{"embeddable":true,"href":"https:\/\/corrientesdetarde.com\/index.php\/wp-json\/wp\/v2\/comments?post=126822"}],"version-history":[{"count":1,"href":"https:\/\/corrientesdetarde.com\/index.php\/wp-json\/wp\/v2\/posts\/126822\/revisions"}],"predecessor-version":[{"id":126824,"href":"https:\/\/corrientesdetarde.com\/index.php\/wp-json\/wp\/v2\/posts\/126822\/revisions\/126824"}],"wp:featuredmedia":[{"embeddable":true,"href":"https:\/\/corrientesdetarde.com\/index.php\/wp-json\/wp\/v2\/media\/126823"}],"wp:attachment":[{"href":"https:\/\/corrientesdetarde.com\/index.php\/wp-json\/wp\/v2\/media?parent=126822"}],"wp:term":[{"taxonomy":"category","embeddable":true,"href":"https:\/\/corrientesdetarde.com\/index.php\/wp-json\/wp\/v2\/categories?post=126822"},{"taxonomy":"post_tag","embeddable":true,"href":"https:\/\/corrientesdetarde.com\/index.php\/wp-json\/wp\/v2\/tags?post=126822"}],"curies":[{"name":"wp","href":"https:\/\/api.w.org\/{rel}","templated":true}]}}