{"id":126854,"date":"2024-02-20T12:57:11","date_gmt":"2024-02-20T15:57:11","guid":{"rendered":"https:\/\/corrientesdetarde.com\/?p=126854"},"modified":"2024-02-20T12:57:19","modified_gmt":"2024-02-20T15:57:19","slug":"el-gobierno-confirmo-que-subira-a-180-000-el-salario-minimo-desde-febrero","status":"publish","type":"post","link":"https:\/\/corrientesdetarde.com\/index.php\/politica\/el-gobierno-confirmo-que-subira-a-180-000-el-salario-minimo-desde-febrero\/","title":{"rendered":"El Gobierno confirm\u00f3 que subir\u00e1 a $180.000 el salario m\u00ednimo desde febrero"},"content":{"rendered":"\n<p>El vocero presidencial Manuel Adorni dijo que ese es el monto que regir\u00e1 para febrero y que que en marzo habr\u00e1 otro aumento, que lo llevar\u00e1 a $202.800.<\/p>\n\n\n\n<p>El vocero presidencial<strong>,<\/strong> Manuel Adorni,\u00a0confirm\u00f3 que el\u00a0<strong>salario m\u00ednimo, vital y m\u00f3vil<\/strong>\u00a0subir\u00e1 a<strong>\u00a0$180.000<\/strong>\u00a0en febrero y llegar\u00e1 a \u00a0$202.800\u00a0para marzo, como anticip\u00f3\u00a0<strong>.\u00a0<\/strong>Lo hizo en la conferencia de prensa en Casa Rosada y tras el fracaso del Consejo del Salario de la semana pasada.<\/p>\n\n\n\n<p>La CGT y los otros gremios hab\u00edan reclamado un 85% de aumento para el piso salarial, mientras las c\u00e1maras empresarias no hab\u00edan realizado oferta alguna y reclamaban que la mejora en el ingreso b\u00e1sico llegara en marzo. Finalmente, el laudo oficial -al que el Gobierno est\u00e1 obligado por ley cuando fracasan dos sesiones del Consejo) fij\u00f3 una suba de<strong>\u00a030%<\/strong>\u00a0en dos tramos y desde febrero (se cobra en los primeros d\u00edas del mes pr\u00f3ximo).<\/p>\n\n\n\n<p>Cuando&nbsp;<strong>se actualiza, el salario m\u00ednimo vital y ,\u00f3vil (SMVyM)<\/strong>&nbsp;<strong>impacta&nbsp;<\/strong>en el haber de los beneficiarios del plan&nbsp;<strong>Potenciar Trabajo,&nbsp;<\/strong>que paga directo al beneficiario la mitad del ese ingreso por una contraprestaci\u00f3n laboral de cuatro horas diarias. El Gobierno anticip\u00f3 que buscaba desacoplar los planes sociales, pero por ahora no inform\u00f3 alg\u00fan cambio en ese sentido.<\/p>\n\n\n\n<p>Adem\u00e1s el&nbsp;<strong>salario m\u00ednimo<\/strong>&nbsp;sirve de par\u00e1metro para los informales. Sumado al impacto en la exclusi\u00f3n del impuesto a las Ganancias para los trabajadores que ganan menos de 15 salarios m\u00ednimos.<\/p>\n\n\n\n<p>Tras el fracaso de la reuni\u00f3n del Consejo del Salario la CGT recalent\u00f3 la\u00a0<strong>tensi\u00f3n\u00a0<\/strong>con el gobierno de \u00a0Javier Milei<strong>,<\/strong>\u00a0que busca recortar fondos al sistema de salud sindical a partir de \u00a0la desregulaci\u00f3n de obras sociales\u00a0 y que tambi\u00e9n present\u00f3 en la Corte Suprema un recurso para tratar que\u00a0valide la\u00a0reforma laboral,\u00a0que est\u00e1 suspendida.<\/p>\n\n\n\n<h2 class=\"wp-block-heading\">El Gobierno confirm\u00f3 que subir\u00e1 a $180.000 el salario m\u00ednimo desde febrero<\/h2>\n\n\n\n<figure class=\"wp-block-image\"><img decoding=\"async\" src=\"https:\/\/tn.com.ar\/resizer\/1HI_ZjC6PFrr7gW9jhY3vWDoBU4=\/767x0\/smart\/filters:format(webp)\/thumbs.vodgc.net\/D8ECE84B18BB8313671D5CB3FD8994EA856.jpg%3F726629\" alt=\"Video Placeholder\"\/><\/figure>\n\n\n\n<p>jEl vocero presidencial confirm\u00f3 que el SMVyM ascender\u00e1 a<strong>\u00a0$180.000<\/strong>\u00a0en febrero, 15,38% m\u00e1s que el vigente. Tambi\u00e9n dijo que llegar\u00e1 a\u00a0<strong>$202.800<\/strong>\u00a0para marzo (12,66%), como adelant\u00f3<strong>.<\/strong>\u00a0Adorni hizo el anuncio en la conferencia de prensa en Casa Rosada-<\/p>\n\n\n\n<p>\u201cNo se ha logrado que las partes se pongan de acuerdo en la discusi\u00f3n por el salario m\u00ednimo, vital y m\u00f3vil, y en caso de que esa circunstancia ocurra el&nbsp;<strong>Gobierno debe laudar entre las partes y fijar un salario m\u00ednimo<\/strong>\u201d, explic\u00f3 el portavoz.<\/p>\n\n\n\n<p>El laudo es una figura por la que el Gobierno act\u00faa como \u00e1rbitro y dispone una medida de manera unilateral ante la falta de acuerdo entre las partes, como fue el caso del aumento del salario m\u00ednimo.<\/p>\n\n\n\n<h2 class=\"wp-block-heading\">Qu\u00e9 dice la ley sobre la actualizaci\u00f3n del salario m\u00ednimo<\/h2>\n\n\n\n<p>Seg\u00fan el art\u00edculo 123 de la ley&nbsp;<strong>24.013<\/strong>&nbsp;conocida como&nbsp;<strong>Ley del Empleo,<\/strong>&nbsp;las decisiones del Consejo del Salario ser\u00e1n tomadas por mayor\u00eda de dos tercios, y aclara: \u201cEn caso de no lograrse al t\u00e9rmino de dos sesiones, su presidente&nbsp;<strong>laudar\u00e1&nbsp;<\/strong>respecto de los puntos en controversia\u201d.<\/p>\n\n\n\n<p>El Consejo Nacional del Empleo, la Productividad y el Salario M\u00ednimo, Vital y M\u00f3vil es un \u00e1mbito institucional donde dialogan representantes de los trabajadores, empleadores, el Estado nacional y los gobiernos provinciales para evaluar temas referidos a las relaciones laborales, entre ellos el monto para el piso salarial.<\/p>\n","protected":false},"excerpt":{"rendered":"<p>El vocero presidencial Manuel Adorni dijo que ese es el monto que regir\u00e1 para febrero y que que en marzo habr\u00e1 otro aumento, que lo llevar\u00e1 a $202.800. El vocero&hellip; <\/p>\n","protected":false},"author":8,"featured_media":126855,"comment_status":"closed","ping_status":"open","sticky":false,"template":"","format":"standard","meta":{"footnotes":""},"categories":[3],"tags":[],"class_list":["post-126854","post","type-post","status-publish","format-standard","has-post-thumbnail","hentry","category-politica"],"_links":{"self":[{"href":"https:\/\/corrientesdetarde.com\/index.php\/wp-json\/wp\/v2\/posts\/126854","targetHints":{"allow":["GET"]}}],"collection":[{"href":"https:\/\/corrientesdetarde.com\/index.php\/wp-json\/wp\/v2\/posts"}],"about":[{"href":"https:\/\/corrientesdetarde.com\/index.php\/wp-json\/wp\/v2\/types\/post"}],"author":[{"embeddable":true,"href":"https:\/\/corrientesdetarde.com\/index.php\/wp-json\/wp\/v2\/users\/8"}],"replies":[{"embeddable":true,"href":"https:\/\/corrientesdetarde.com\/index.php\/wp-json\/wp\/v2\/comments?post=126854"}],"version-history":[{"count":1,"href":"https:\/\/corrientesdetarde.com\/index.php\/wp-json\/wp\/v2\/posts\/126854\/revisions"}],"predecessor-version":[{"id":126856,"href":"https:\/\/corrientesdetarde.com\/index.php\/wp-json\/wp\/v2\/posts\/126854\/revisions\/126856"}],"wp:featuredmedia":[{"embeddable":true,"href":"https:\/\/corrientesdetarde.com\/index.php\/wp-json\/wp\/v2\/media\/126855"}],"wp:attachment":[{"href":"https:\/\/corrientesdetarde.com\/index.php\/wp-json\/wp\/v2\/media?parent=126854"}],"wp:term":[{"taxonomy":"category","embeddable":true,"href":"https:\/\/corrientesdetarde.com\/index.php\/wp-json\/wp\/v2\/categories?post=126854"},{"taxonomy":"post_tag","embeddable":true,"href":"https:\/\/corrientesdetarde.com\/index.php\/wp-json\/wp\/v2\/tags?post=126854"}],"curies":[{"name":"wp","href":"https:\/\/api.w.org\/{rel}","templated":true}]}}