{"id":126866,"date":"2024-02-20T13:14:52","date_gmt":"2024-02-20T16:14:52","guid":{"rendered":"https:\/\/corrientesdetarde.com\/?p=126866"},"modified":"2024-02-20T13:14:58","modified_gmt":"2024-02-20T16:14:58","slug":"la-decision-de-gerardo-martino-que-complica-la-presencia-de-lionel-messi-en-los-juegos-olimpicos","status":"publish","type":"post","link":"https:\/\/corrientesdetarde.com\/index.php\/deportes\/la-decision-de-gerardo-martino-que-complica-la-presencia-de-lionel-messi-en-los-juegos-olimpicos\/","title":{"rendered":"La decisi\u00f3n de Gerardo Martino que complica la presencia de Lionel Messi en los Juegos Ol\u00edmpicos"},"content":{"rendered":"\n<p>El entrenador del Inter Miami se refiri\u00f3 a la chance de que la Pulga vaya a Par\u00eds 2024 con la Selecci\u00f3n argentina.<\/p>\n\n\n\n<p>La \u00a0Selecci\u00f3n argentina Sub 23 dirigida por<strong>\u00a0Javier Mascherano\u00a0<\/strong>se clasific\u00f3 para los pr\u00f3ximos\u00a0<strong>Juegos Ol\u00edmpicos<\/strong>\u00a0que se llevar\u00e1n a cabo en Par\u00eds. A partir de esa clasificaci\u00f3n de la Albiceleste, todo un pa\u00eds sue\u00f1a con ver a\u00a0Lionel Messi en la cita parisina. Sin embargo,\u00a0<strong>Gerardo Martino<\/strong>, su entrenador en el\u00a0<strong>Inter Miami<\/strong>, lanz\u00f3 una contundente definici\u00f3n sobre una posible citaci\u00f3n de la Pulga.<\/p>\n\n\n\n<p>Si bien el Tata no se refiri\u00f3 directamente a una probable convocatoria del mejor jugador del mundo, compar\u00f3 la posible convocatoria del capit\u00e1n de la Selecci\u00f3n argentina con la de un jugador paraguayo que es compa\u00f1ero del 10.<\/p>\n\n\n\n<p><em><strong>\u201c<\/strong><\/em><strong>Diego G\u00f3mez tiene la Copa Am\u00e9rica y los Juegos Ol\u00edmpicos. Sabemos que a la Copa lo tenemos que dar y a los Juegos no<\/strong>, nos comunicamos; all\u00e1 (por Paraguay) tengo mucha gente amiga (Martino dirigi\u00f3 a Paraguay entre 2007 y 2011) y&nbsp;<strong>le dije que elijan solo una\u201d,&nbsp;<\/strong>comenz\u00f3 diciendo el DT argentino en charla con la prensa.<\/p>\n\n\n\n<p>En ese sentido es importante destacar que la&nbsp;<strong>Copa Am\u00e9rica se extender\u00e1 desde el 20 de junio hasta el 14 de julio<\/strong>&nbsp;para los equipos que lleguen a la final mientras que los Juegos Ol\u00edmpicos&nbsp;<strong>ser\u00e1n desde el 26 de julio hasta el 11 de agosto.<\/strong><\/p>\n\n\n\n<p>\u201cYo soy pro-selecci\u00f3n, pero en este caso&nbsp;<strong>hay dos competencias juntas e implica que un jugador est\u00e9 m\u00e1s de dos meses afuera, entonces ellos me van a comunicar para qu\u00e9 torneo lo quieren\u201d,&nbsp;<\/strong>sentenci\u00f3 Martino, dejando muy en claro cu\u00e1l es su postura respecto a que un jugador dispute ambas competencias.<\/p>\n\n\n\n<figure class=\"wp-block-image\"><img decoding=\"async\" src=\"https:\/\/tn.com.ar\/resizer\/fVJBucvpETtiBV-9oFDO4f2zO9g=\/767x0\/smart\/filters:format(webp)\/cloudfront-us-east-1.images.arcpublishing.com\/artear\/XS3VBDQH4ND3VPGS6SAN5HFYVA.jpg\" alt=\"Lionel Messi conquist\u00f3 la Leagues Cup con el Inter Miami. (Foto: AP).\"\/><\/figure>\n\n\n\n<h2 class=\"wp-block-heading\">Cu\u00e1ndo comienza el f\u00fatbol de los Juegos Ol\u00edmpicos Par\u00eds 2024<\/h2>\n\n\n\n<p>El torneo masculino de f\u00fatbol de los Juegos Ol\u00edmpicos Par\u00eds 2024 tendr\u00e1 16 equipos participantes y ya se conoce a 12 de ellos:\u00a0<strong>Francia<\/strong>\u00a0como organizador,\u00a0<strong>Estados Unidos<\/strong>\u00a0y\u00a0<strong>Rep\u00fablica Dominicana<\/strong>\u00a0por la Concacaf,\u00a0<strong>Egipto<\/strong>,\u00a0<strong>Mali<\/strong>\u00a0y\u00a0<strong>Marruecos<\/strong>\u00a0por \u00c1frica,\u00a0<strong>Nueva Zelanda<\/strong>\u00a0por Ocean\u00eda;\u00a0<strong>Espa\u00f1a<\/strong>,\u00a0<strong>Ucrania\u00a0<\/strong>e\u00a0<strong>Israel\u00a0<\/strong>por la UEFA;\u00a0<strong>Argentina<\/strong>\u00a0y\u00a0<strong>Paraguay<\/strong>\u00a0por la Conmebol.<\/p>\n\n\n\n<p>Si bien la ceremonia de apertura ser\u00e1 el&nbsp;<strong>26 de julio<\/strong>,&nbsp;<strong>el f\u00fatbol comenzar\u00e1 el 24, dos d\u00edas antes, y terminar\u00e1 el 10 de agosto (uno antes de la ceremonia de cierre).<\/strong><\/p>\n\n\n\n<h2 class=\"wp-block-heading\">Cu\u00e1ndo juega el Inter Miami de Lionel Messi<\/h2>\n\n\n\n<ul class=\"wp-block-list\">\n<li><strong>Inter Miami<\/strong>&nbsp;vs. Real Salt Lake | MLS fecha 1 |&nbsp;<strong>Mi\u00e9rcoles 21\/02, a las 22 horas&nbsp;<\/strong>| DRV PNK Stadium<\/li>\n\n\n\n<li>LA Galaxy vs.&nbsp;<strong>Inter Miami&nbsp;<\/strong>| MLS fecha 2 | Domingo 25\/02, a las 22.30 horas | Dignity Health Sports Park<\/li>\n\n\n\n<li><strong>Inter Miami&nbsp;<\/strong>vs. Orlando City | MLS fecha 3 | S\u00e1bado 2\/03, a las 18.30 horas | DRV PNK Stadium<\/li>\n\n\n\n<li>Por definirse vs.&nbsp;<strong>Inter Miami&nbsp;<\/strong>| Concacaf CL 8avos (ida) | Jueves 7\/03, a las 23 horas | Estadio a definir<\/li>\n\n\n\n<li><strong>Inter Miami&nbsp;<\/strong>vs. Montr\u00e9al Impact | MLS fecha 4 | Domingo 10\/03, a las 19 horas | DRV PNK Stadium<\/li>\n\n\n\n<li><strong>Inter Miami&nbsp;<\/strong>vs. Por definirse | Concacaf CL 8avos (vuelta) | Mi\u00e9rcoles 13\/03, a las 21.15 horas | DRV PNK Stadium<\/li>\n\n\n\n<li>DC United vs.&nbsp;<strong>Inter Miami&nbsp;<\/strong>| MLS fecha 5 | S\u00e1bado 16\/03, a las 15 horas | Audi Field<\/li>\n\n\n\n<li>NY RB vs.&nbsp;<strong>Inter Miami&nbsp;<\/strong>| MLS fecha 6 | S\u00e1bado 23\/03, a las 15 horas | Red Bull Arena<\/li>\n\n\n\n<li><strong>Inter Miami<\/strong>&nbsp;vs. NYC FC | MLS fecha 7 | S\u00e1bado 30, a las 20.30 horas | DRV PNK Stadium<\/li>\n<\/ul>\n","protected":false},"excerpt":{"rendered":"<p>El entrenador del Inter Miami se refiri\u00f3 a la chance de que la Pulga vaya a Par\u00eds 2024 con la Selecci\u00f3n argentina. La \u00a0Selecci\u00f3n argentina Sub 23 dirigida por\u00a0Javier Mascherano\u00a0se&hellip; <\/p>\n","protected":false},"author":8,"featured_media":126868,"comment_status":"closed","ping_status":"open","sticky":false,"template":"","format":"standard","meta":{"footnotes":""},"categories":[4],"tags":[],"class_list":["post-126866","post","type-post","status-publish","format-standard","has-post-thumbnail","hentry","category-deportes"],"_links":{"self":[{"href":"https:\/\/corrientesdetarde.com\/index.php\/wp-json\/wp\/v2\/posts\/126866","targetHints":{"allow":["GET"]}}],"collection":[{"href":"https:\/\/corrientesdetarde.com\/index.php\/wp-json\/wp\/v2\/posts"}],"about":[{"href":"https:\/\/corrientesdetarde.com\/index.php\/wp-json\/wp\/v2\/types\/post"}],"author":[{"embeddable":true,"href":"https:\/\/corrientesdetarde.com\/index.php\/wp-json\/wp\/v2\/users\/8"}],"replies":[{"embeddable":true,"href":"https:\/\/corrientesdetarde.com\/index.php\/wp-json\/wp\/v2\/comments?post=126866"}],"version-history":[{"count":1,"href":"https:\/\/corrientesdetarde.com\/index.php\/wp-json\/wp\/v2\/posts\/126866\/revisions"}],"predecessor-version":[{"id":126869,"href":"https:\/\/corrientesdetarde.com\/index.php\/wp-json\/wp\/v2\/posts\/126866\/revisions\/126869"}],"wp:featuredmedia":[{"embeddable":true,"href":"https:\/\/corrientesdetarde.com\/index.php\/wp-json\/wp\/v2\/media\/126868"}],"wp:attachment":[{"href":"https:\/\/corrientesdetarde.com\/index.php\/wp-json\/wp\/v2\/media?parent=126866"}],"wp:term":[{"taxonomy":"category","embeddable":true,"href":"https:\/\/corrientesdetarde.com\/index.php\/wp-json\/wp\/v2\/categories?post=126866"},{"taxonomy":"post_tag","embeddable":true,"href":"https:\/\/corrientesdetarde.com\/index.php\/wp-json\/wp\/v2\/tags?post=126866"}],"curies":[{"name":"wp","href":"https:\/\/api.w.org\/{rel}","templated":true}]}}