{"id":126879,"date":"2024-02-20T14:25:21","date_gmt":"2024-02-20T17:25:21","guid":{"rendered":"https:\/\/corrientesdetarde.com\/?p=126879"},"modified":"2024-02-20T14:25:32","modified_gmt":"2024-02-20T17:25:32","slug":"el-fuerte-mensaje-del-gobierno-por-la-muerte-de-alexei-navalny-lider-opositor-a-putin","status":"publish","type":"post","link":"https:\/\/corrientesdetarde.com\/index.php\/internacionales\/el-fuerte-mensaje-del-gobierno-por-la-muerte-de-alexei-navalny-lider-opositor-a-putin\/","title":{"rendered":"El fuerte mensaje del Gobierno por la muerte de Alexei Navalny, l\u00edder opositor a Putin"},"content":{"rendered":"\n<p>Canciller\u00eda consider\u00f3 que el pol\u00edtico fallecido es un \u201cpromotor de la democracia y los derechos humanos\u201d.<\/p>\n\n\n\n<p>El Gobierno argentino comparti\u00f3 un<strong>\u00a0fuerte mensaje por la\u00a0<\/strong>muerte de Alexei Navalny, el l\u00edder ruso opositor a Vladimir Putin,\u00a0y reclam\u00f3 el r\u00e1pido esclarecimiento del caso.<\/p>\n\n\n\n<p>A trav\u00e9s de un comunicado oficial, desde Canciller\u00eda expresaron: \u201cRespecto al esclarecimiento de la muerte de Alexei Navalny, l\u00edder pol\u00edtico de la oposici\u00f3n rusa y promotor de la democracia y los derechos humanos, el\u00a0<strong>Gobierno argentino formula un llamado<\/strong>\u00a0a las autoridades de la Federaci\u00f3n de Rusia a que realice<strong>\u00a0una investigaci\u00f3n que arroje, a la mayor brevedad, luz sobre lo acontecido\u201d.<\/strong><\/p>\n\n\n\n<p>Este lunes, el portavoz del Kremlin, Dmitri Peskov, afirm\u00f3 que Mosc\u00fa<strong>&nbsp;rechaza de pleno las demandas de una investigaci\u00f3n internacional&nbsp;<\/strong>de la muerte de Navalvny, \u201cm\u00e1s a\u00fan\u201d si proceden del jefe de la diplomacia de la Uni\u00f3n Europea, Josep Borrell.&nbsp;<strong>\u201cSe trata de unas acusaciones infundadas y groseras contra el jefe de Estado\u201d,&nbsp;<\/strong>sostuvo.<\/p>\n\n\n\n<p>Navalny muri\u00f3 el viernes luego de realizar una caminata, y de manera repentina, en la prisi\u00f3n \u00e1rtica en la que se encontraba desde diciembre, seg\u00fan informaron los servicios penitenciarios de Rusia.<\/p>\n\n\n\n<figure class=\"wp-block-image\"><img decoding=\"async\" src=\"https:\/\/tn.com.ar\/resizer\/6LdQTPCBJNW5yLJAk3niqftM5fY=\/767x0\/smart\/filters:format(webp)\/cloudfront-us-east-1.images.arcpublishing.com\/artear\/D6IFVGIG2NF6FCBVOYUT4374NU.jpg\" alt=\"El l\u00edder opositor ruso Alexei Navalny muri\u00f3 en prisi\u00f3n. (Fuente: Kirill KUDRYAVTSEV \/ AFP)\"\/><\/figure>\n\n\n\n<p>En el lugar fue asistido por el personal m\u00e9dico y posteriormente se solicit\u00f3 una ambulancia para continuar con las reanimaciones pero, pese a ello, falleci\u00f3. El l\u00edder opositor a Vladimir Putin esperaba cumplir una condena de 19 a\u00f1os por cr\u00edmenes que eran considerados como pol\u00edticos.<\/p>\n\n\n\n<p>Este lunes \u00a0Yulia Navalnaya, la esposa del referente fallecido, utiliz\u00f3 su canal de\u00a0<em>Youtube\u00a0<\/em>para publicar un video con cr\u00edticas al Kremlin. \u201cHace tres d\u00edas, \u00a0Vladimir Putin mat\u00f3 a mi marido,\u00a0 Alexei Navalny.\u00a0<strong>Putin mat\u00f3 al padre de mis hijos\u201d<\/strong>, afirm\u00f3.<\/p>\n\n\n\n<p><strong>\u201cAlexei muri\u00f3 en una colonia penitenciaria despu\u00e9s de tres a\u00f1os de tormento y tortura\u201d,\u00a0<\/strong>sostuvo Navalnaya. \u201cLo m\u00e1s importante que podemos hacer por Alexei y por nosotros mismos es seguir luchando, m\u00e1s desesperada y ferozmente que antes\u201d, agreg\u00f3.<\/p>\n\n\n\n<p>En el mismo sentido, se\u00f1al\u00f3: \u201cNecesitamos aprovechar cada oportunidad para luchar contra la guerra, contra la corrupci\u00f3n, contra la injusticia, para luchar por elecciones justas y la libertad de expresi\u00f3n, para luchar por recuperar nuestro pa\u00eds\u201d.<\/p>\n\n\n\n<p><strong>\u201cSabemos exactamente por qu\u00e9 Putin mat\u00f3 a Alexei hace tres d\u00edas.&nbsp;<\/strong>Definitivamente,&nbsp;<strong>descubriremos exactamente qui\u00e9n llev\u00f3 a cabo este crimen y c\u00f3mo se llev\u00f3 a cabo.<\/strong>&nbsp;Daremos nombres y mostraremos caras\u201d, sentenci\u00f3.<\/p>\n\n\n\n<p>Hasta ahora, las autoridades rusas se han negado a entregar el cuerpo de Navalny a su madre y a su abogado, lo que despert\u00f3 la ira de sus seguidores.<\/p>\n","protected":false},"excerpt":{"rendered":"<p>Canciller\u00eda consider\u00f3 que el pol\u00edtico fallecido es un \u201cpromotor de la democracia y los derechos humanos\u201d. El Gobierno argentino comparti\u00f3 un\u00a0fuerte mensaje por la\u00a0muerte de Alexei Navalny, el l\u00edder ruso&hellip; <\/p>\n","protected":false},"author":8,"featured_media":126880,"comment_status":"closed","ping_status":"open","sticky":false,"template":"","format":"standard","meta":{"footnotes":""},"categories":[11],"tags":[],"class_list":["post-126879","post","type-post","status-publish","format-standard","has-post-thumbnail","hentry","category-internacionales"],"_links":{"self":[{"href":"https:\/\/corrientesdetarde.com\/index.php\/wp-json\/wp\/v2\/posts\/126879","targetHints":{"allow":["GET"]}}],"collection":[{"href":"https:\/\/corrientesdetarde.com\/index.php\/wp-json\/wp\/v2\/posts"}],"about":[{"href":"https:\/\/corrientesdetarde.com\/index.php\/wp-json\/wp\/v2\/types\/post"}],"author":[{"embeddable":true,"href":"https:\/\/corrientesdetarde.com\/index.php\/wp-json\/wp\/v2\/users\/8"}],"replies":[{"embeddable":true,"href":"https:\/\/corrientesdetarde.com\/index.php\/wp-json\/wp\/v2\/comments?post=126879"}],"version-history":[{"count":1,"href":"https:\/\/corrientesdetarde.com\/index.php\/wp-json\/wp\/v2\/posts\/126879\/revisions"}],"predecessor-version":[{"id":126883,"href":"https:\/\/corrientesdetarde.com\/index.php\/wp-json\/wp\/v2\/posts\/126879\/revisions\/126883"}],"wp:featuredmedia":[{"embeddable":true,"href":"https:\/\/corrientesdetarde.com\/index.php\/wp-json\/wp\/v2\/media\/126880"}],"wp:attachment":[{"href":"https:\/\/corrientesdetarde.com\/index.php\/wp-json\/wp\/v2\/media?parent=126879"}],"wp:term":[{"taxonomy":"category","embeddable":true,"href":"https:\/\/corrientesdetarde.com\/index.php\/wp-json\/wp\/v2\/categories?post=126879"},{"taxonomy":"post_tag","embeddable":true,"href":"https:\/\/corrientesdetarde.com\/index.php\/wp-json\/wp\/v2\/tags?post=126879"}],"curies":[{"name":"wp","href":"https:\/\/api.w.org\/{rel}","templated":true}]}}