{"id":126915,"date":"2024-02-20T19:36:23","date_gmt":"2024-02-20T22:36:23","guid":{"rendered":"https:\/\/corrientesdetarde.com\/?p=126915"},"modified":"2024-02-20T19:36:35","modified_gmt":"2024-02-20T22:36:35","slug":"milei-se-reunio-con-el-republicano-marco-rubio-y-prepara-su-viaje-a-eeuu","status":"publish","type":"post","link":"https:\/\/corrientesdetarde.com\/index.php\/politica\/milei-se-reunio-con-el-republicano-marco-rubio-y-prepara-su-viaje-a-eeuu\/","title":{"rendered":"Milei se reuni\u00f3 con el republicano Marco Rubio y prepara su viaje a EEUU"},"content":{"rendered":"\n<p><strong>Por Juan Pablo Peralta desde Casa Rosada<\/strong><\/p>\n\n\n\n<p>El presidente Javier Milei recibi\u00f3 al senador republicano de los EEUU, Marco Rubio, luego de la reuni\u00f3n del Gabinete nacional Foto). El legislador lleg\u00f3 acompa\u00f1ado del embajador de ese pa\u00eds, Marc Stanley, quienes trataron temas de la relaci\u00f3n bilateral entre ambos pa\u00edses y los preparativos para recibir este viernes en Casa Rosada al Secretario de Estado, Antony Blinken, y luego el viaje presidencial a Washington, donde el jefe de Estado argentino expondr\u00e1 en una convenci\u00f3n conservadora donde podr\u00eda cruzarse con Donald Trump.<\/p>\n\n\n\n<figure class=\"wp-block-embed is-type-video is-provider-youtube wp-block-embed-youtube wp-embed-aspect-16-9 wp-has-aspect-ratio\"><div class=\"wp-block-embed__wrapper\">\n<iframe loading=\"lazy\" title=\"Milei se reuni\u00f3 con el republicano Marco Rubio y prepara su viaje a EEUU\" width=\"1110\" height=\"624\" src=\"https:\/\/www.youtube.com\/embed\/ArLiX5N11v0?feature=oembed\" frameborder=\"0\" allow=\"accelerometer; autoplay; clipboard-write; encrypted-media; gyroscope; picture-in-picture; web-share\" allowfullscreen><\/iframe>\n<\/div><\/figure>\n\n\n\n<p><br>Por su parte, el vocero Manuel Adorni, anunci\u00f3 que el Gobierno eval\u00faa declarar servicio esencial a la educaci\u00f3n. El funcionario tambi\u00e9n inform\u00f3 que debido a la falta de acuerdo entre las partes, se fij\u00f3 un salario m\u00ednimo, vital y m\u00f3vil de 180 mil pesos en febrero y $202.800 en marzo (un 30%). Sobre la posibilidad de que haya paro de ferrocarriles, critic\u00f3 la sa\u00f1a con un gobierno que asumi\u00f3 hace 70 d\u00edas y con la gente que necesita ir a trabajar. Sobre la Ley Bases, se\u00f1al\u00f3 que fue retirada por el Gobierno pero que est\u00e1n abiertas las puertas para sentarse otra vez con los gobernadores. De hecho, este mi\u00e9rcoles viaja a Salta el ministro del Interior, Guillermo Francos, para reunirse con el mandatario provincial Gustavo S\u00e1enz. Con respecto a la posibilidad de una medida de fuerza de los docentes y la CGT, explic\u00f3 que, pese a la voluntad de acercar posiciones, no se entiende la l\u00f3gica de haber estado dormidos cuatro a\u00f1os y ahora haber despertado.<\/p>\n","protected":false},"excerpt":{"rendered":"<p>Por Juan Pablo Peralta desde Casa Rosada El presidente Javier Milei recibi\u00f3 al senador republicano de los EEUU, Marco Rubio, luego de la reuni\u00f3n del Gabinete nacional Foto). El legislador&hellip; <\/p>\n","protected":false},"author":11,"featured_media":126916,"comment_status":"closed","ping_status":"open","sticky":false,"template":"","format":"standard","meta":{"footnotes":""},"categories":[10,3],"tags":[142,1623,1624,1622,336,1625],"class_list":["post-126915","post","type-post","status-publish","format-standard","has-post-thumbnail","hentry","category-nacionales","category-politica","tag-biden","tag-blinken","tag-educacion-2","tag-marco-rubio","tag-milei","tag-servicio-esencial"],"_links":{"self":[{"href":"https:\/\/corrientesdetarde.com\/index.php\/wp-json\/wp\/v2\/posts\/126915","targetHints":{"allow":["GET"]}}],"collection":[{"href":"https:\/\/corrientesdetarde.com\/index.php\/wp-json\/wp\/v2\/posts"}],"about":[{"href":"https:\/\/corrientesdetarde.com\/index.php\/wp-json\/wp\/v2\/types\/post"}],"author":[{"embeddable":true,"href":"https:\/\/corrientesdetarde.com\/index.php\/wp-json\/wp\/v2\/users\/11"}],"replies":[{"embeddable":true,"href":"https:\/\/corrientesdetarde.com\/index.php\/wp-json\/wp\/v2\/comments?post=126915"}],"version-history":[{"count":1,"href":"https:\/\/corrientesdetarde.com\/index.php\/wp-json\/wp\/v2\/posts\/126915\/revisions"}],"predecessor-version":[{"id":126917,"href":"https:\/\/corrientesdetarde.com\/index.php\/wp-json\/wp\/v2\/posts\/126915\/revisions\/126917"}],"wp:featuredmedia":[{"embeddable":true,"href":"https:\/\/corrientesdetarde.com\/index.php\/wp-json\/wp\/v2\/media\/126916"}],"wp:attachment":[{"href":"https:\/\/corrientesdetarde.com\/index.php\/wp-json\/wp\/v2\/media?parent=126915"}],"wp:term":[{"taxonomy":"category","embeddable":true,"href":"https:\/\/corrientesdetarde.com\/index.php\/wp-json\/wp\/v2\/categories?post=126915"},{"taxonomy":"post_tag","embeddable":true,"href":"https:\/\/corrientesdetarde.com\/index.php\/wp-json\/wp\/v2\/tags?post=126915"}],"curies":[{"name":"wp","href":"https:\/\/api.w.org\/{rel}","templated":true}]}}