{"id":126931,"date":"2024-02-20T20:38:02","date_gmt":"2024-02-20T23:38:02","guid":{"rendered":"https:\/\/corrientesdetarde.com\/?p=126931"},"modified":"2024-02-20T20:38:14","modified_gmt":"2024-02-20T23:38:14","slug":"los-habitantes-de-milan-se-enfrentan-a-la-alta-contaminacion","status":"publish","type":"post","link":"https:\/\/corrientesdetarde.com\/index.php\/internacionales\/los-habitantes-de-milan-se-enfrentan-a-la-alta-contaminacion\/","title":{"rendered":"Los habitantes de Mil\u00e1n se enfrentan a la alta contaminaci\u00f3n"},"content":{"rendered":"\n<p>Los niveles de part\u00edculas finas y otros contaminantes en la ciudad italiana figuran entre los m\u00e1s altos de Europa.<\/p>\n\n\n\n<p><strong>Pietro De Luca<\/strong>\u00a0vive en<strong>\u00a0Mil\u00e1n<\/strong>, la capital italiana de las finanzas y la moda, pero a menudo piensa en mudarse a una ciudad m\u00e1s limpia con su mujer y sus tres hijos para escapar de la alta contaminaci\u00f3n y los riesgos para la salud que provoca.<\/p>\n\n\n\n<p><strong>&#8220;\u00a1Apesta! Huelo un hedor constante a smog, toso, siento que me arde la garganta&#8221;<\/strong>, dice De Luca, que vive en un segundo piso del barrio de Citt\u00e0 Studi, al este de Mil\u00e1n.<\/p>\n\n\n\n<p>Los niveles de part\u00edculas finas y otros contaminantes en Mil\u00e1n&nbsp;<strong>figuran entre los m\u00e1s altos de Europa<\/strong>, seg\u00fan datos del Servicio de Control de la Atm\u00f3sfera Cop\u00e9rnico de la Uni\u00f3n Europea y el grupo de presi\u00f3n medioambiental italiano Legambiente.<\/p>\n\n\n\n<p>Algunos residentes llevan mascarillas para reducir la exposici\u00f3n al aire sucio.<\/p>\n\n\n\n<p>Roberto Lorenzutti, que viv\u00eda en Mil\u00e1n, dice que respira mucho mejor desde que se fue. Tuvo la oportunidad de trabajar a distancia durante la pandemia de COVID-19, y se traslad\u00f3 a la isla de Cerde\u00f1a.<\/p>\n\n\n\n<p><strong>&#8220;En Mil\u00e1n tienes que intentar sobrevivir en este pantano durante cinco d\u00edas a la semana, y salir el fin de semana para respirar aire fresco&#8221;<\/strong>, plante\u00f3.<\/p>\n\n\n\n<p>Mil\u00e1n y las ciudades circundantes de la pr\u00f3spera regi\u00f3n septentrional italiana de Lombard\u00eda han respondido activando el martes medidas para limitar el uso de los veh\u00edculos m\u00e1s contaminantes durante las principales horas del d\u00eda.<\/p>\n\n\n\n<p>Mil\u00e1n, ciudad de poco m\u00e1s de un mill\u00f3n de habitantes, se encuentra en el densamente poblado valle del Po, que alberga casi un tercio de la poblaci\u00f3n italiana.<\/p>\n\n\n\n<p>Los 17 millones de habitantes del valle lo convierten en una de las zonas m\u00e1s contaminadas de Europa, por lo que en 2020 el Tribunal de Justicia de la UE declar\u00f3 a Italia infractora de las directivas comunitarias sobre aire limpio.<\/p>\n\n\n\n<p>Los problemas se deben a la&nbsp;<strong>densa actividad agr\u00edcola e industrial del valle<\/strong>, amplificada por su geograf\u00eda, que atrapa el aire, explic\u00f3 Valentina Bosetti, catedr\u00e1tica de Econom\u00eda Medioambiental y Cambio Clim\u00e1tico de la Universidad Bocconi de la ciudad.<\/p>\n\n\n\n<p>En Mil\u00e1n, los niveles de contaminantes atmosf\u00e9ricos<strong>&nbsp;PM2,5, PM10 y di\u00f3xido de nitr\u00f3geno (NO2)<\/strong>&nbsp;superaron el a\u00f1o pasado las directrices establecidas por la Organizaci\u00f3n Mundial de la Salud, se\u00f1ala Legambiente.<\/p>\n\n\n\n<p>Giorgio Maione, consejero de Medio Ambiente de la regi\u00f3n de Lombard\u00eda, afirma que se han hecho progresos, y cita una reducci\u00f3n del 39% en la concentraci\u00f3n de PM10 y del 45% en la de NO2 en las dos \u00faltimas d\u00e9cadas.<\/p>\n\n\n\n<p>La consejera de Medio Ambiente de Mil\u00e1n, Elena Eva Maria Grandi, dijo sin embargo que los niveles de contaminaci\u00f3n siguen siendo muy altos, y pidi\u00f3 una cooperaci\u00f3n m\u00e1s estrecha entre las autoridades municipales y regionales para evaluar medidas de emergencia para una ciudad que ser\u00e1 coanfitriona de los Juegos Ol\u00edmpicos de Invierno en 2026.<\/p>\n\n\n\n<p>&#8220;Estamos muy preocupados, es evidente&#8221;, dijo.<\/p>\n","protected":false},"excerpt":{"rendered":"<p>Los niveles de part\u00edculas finas y otros contaminantes en la ciudad italiana figuran entre los m\u00e1s altos de Europa. Pietro De Luca\u00a0vive en\u00a0Mil\u00e1n, la capital italiana de las finanzas y&hellip; <\/p>\n","protected":false},"author":4,"featured_media":126932,"comment_status":"closed","ping_status":"open","sticky":false,"template":"","format":"standard","meta":{"footnotes":""},"categories":[11],"tags":[],"class_list":["post-126931","post","type-post","status-publish","format-standard","has-post-thumbnail","hentry","category-internacionales"],"_links":{"self":[{"href":"https:\/\/corrientesdetarde.com\/index.php\/wp-json\/wp\/v2\/posts\/126931","targetHints":{"allow":["GET"]}}],"collection":[{"href":"https:\/\/corrientesdetarde.com\/index.php\/wp-json\/wp\/v2\/posts"}],"about":[{"href":"https:\/\/corrientesdetarde.com\/index.php\/wp-json\/wp\/v2\/types\/post"}],"author":[{"embeddable":true,"href":"https:\/\/corrientesdetarde.com\/index.php\/wp-json\/wp\/v2\/users\/4"}],"replies":[{"embeddable":true,"href":"https:\/\/corrientesdetarde.com\/index.php\/wp-json\/wp\/v2\/comments?post=126931"}],"version-history":[{"count":1,"href":"https:\/\/corrientesdetarde.com\/index.php\/wp-json\/wp\/v2\/posts\/126931\/revisions"}],"predecessor-version":[{"id":126933,"href":"https:\/\/corrientesdetarde.com\/index.php\/wp-json\/wp\/v2\/posts\/126931\/revisions\/126933"}],"wp:featuredmedia":[{"embeddable":true,"href":"https:\/\/corrientesdetarde.com\/index.php\/wp-json\/wp\/v2\/media\/126932"}],"wp:attachment":[{"href":"https:\/\/corrientesdetarde.com\/index.php\/wp-json\/wp\/v2\/media?parent=126931"}],"wp:term":[{"taxonomy":"category","embeddable":true,"href":"https:\/\/corrientesdetarde.com\/index.php\/wp-json\/wp\/v2\/categories?post=126931"},{"taxonomy":"post_tag","embeddable":true,"href":"https:\/\/corrientesdetarde.com\/index.php\/wp-json\/wp\/v2\/tags?post=126931"}],"curies":[{"name":"wp","href":"https:\/\/api.w.org\/{rel}","templated":true}]}}