{"id":127106,"date":"2024-02-21T13:43:54","date_gmt":"2024-02-21T16:43:54","guid":{"rendered":"https:\/\/corrientesdetarde.com\/?p=127106"},"modified":"2024-02-21T13:44:06","modified_gmt":"2024-02-21T16:44:06","slug":"otro-gesto-de-javier-milei-a-patricia-bullrich-nombraron-a-federico-pinedo-como-negociador-argentino-del-g20","status":"publish","type":"post","link":"https:\/\/corrientesdetarde.com\/index.php\/politica\/otro-gesto-de-javier-milei-a-patricia-bullrich-nombraron-a-federico-pinedo-como-negociador-argentino-del-g20\/","title":{"rendered":"Otro gesto de Javier Milei a Patricia Bullrich: nombraron a Federico Pinedo como negociador argentino del G20"},"content":{"rendered":"\n<p>Se oficializ\u00f3 a trav\u00e9s de una resoluci\u00f3n publicada en el Bolet\u00edn Oficial. Hoy comenz\u00f3 la primera reuni\u00f3n de cancilleres del G20 en R\u00edo de Janeiro.<\/p>\n\n\n\n<p><\/p>\n\n\n\n<p><a href=\"https:\/\/tn.com.ar\/autor\/gbanez\/\"><\/a>En la ma\u00f1ana de hoy el Gobierno nacional concret\u00f3 la creaci\u00f3n de la \u201cUnidad G20\u2033 y nombr\u00f3, oficialmente, a\u00a0<strong>Federico Pinedo como titular y sherpa de la Argentina \u00a0ante dicho grupo de pa\u00edses.<\/strong><\/p>\n\n\n\n<p>Era un pedido que el referente en materia de pol\u00edtica exterior de Patricia Bullrich\u00a0<strong>manten\u00eda desde hace poco m\u00e1s de un mes<\/strong>\u00a0cuando ya hab\u00eda entrado en funciones, aunque sin nombramiento. Pinedo viene trabajando con su equipo en las oficinas del segundo piso del Palacio San Mart\u00edn.<\/p>\n\n\n\n<p>Si bien la creaci\u00f3n de esta unidad -comunicada a trav\u00e9s de la resoluci\u00f3n 75\/2024 del Bolet\u00edn Oficial- es un tr\u00e1mite meramente burocr\u00e1tico dentro de la Canciller\u00eda, en lo pr\u00e1ctico le otorga a Pinedo el status oficial&nbsp;<strong>para reunirse y negociar con sus pares<\/strong>&nbsp;y los representantes de los pa\u00edses que integran el G20.<\/p>\n\n\n\n<figure class=\"wp-block-image\"><img decoding=\"async\" src=\"https:\/\/tn.com.ar\/resizer\/FsPjdLU4gNgQaYghL1HYTFMNsA8=\/767x0\/smart\/filters:format(webp)\/cloudfront-us-east-1.images.arcpublishing.com\/artear\/WRVPJUX7WRQPAOCX4DXBSGCHXQ.jpg\" alt=\"Hoy y ma\u00f1ana se celebra la primera reuni\u00f3n de cancilleres del G20 en R\u00edo de Janeiro. (Foto: REUTERS\/Pilar Olivares)\"\/><\/figure>\n\n\n\n<p>No es casualidad que el nombramiento oficial se haya publicado&nbsp;<strong>el mismo d\u00eda en que la canciller Diana Mondino empieza oficialmente su agenda en la cumbre de cancilleres del G20&nbsp;<\/strong>que se realiza en Brasil, que este a\u00f1o tiene la presidencia del grupo. Es el primer encuentro de este a\u00f1o entre los jefes diplom\u00e1ticos de los pa\u00edses miembro.<\/p>\n\n\n\n<h2 class=\"wp-block-heading\">Cu\u00e1l es el rol del sherpa en el G20<\/h2>\n\n\n\n<p>En pocas palabras, el sherpa es el representante de la Argentina que<strong>\u00a0negocia y representa al pa\u00eds en los m\u00faltiples encuentros y reuniones\u00a0<\/strong>que se producen a lo largo del a\u00f1o en el marco del G20. El evento m\u00e1s importante es la cumbre de l\u00edderes, que este a\u00f1o ser\u00e1 en noviembre en R\u00edo de Janeiro, pero previamente hay puntos de contacto en distintas tem\u00e1ticas.<\/p>\n\n\n\n<p>En ese sentido, Federico Pinedo tiene la funci\u00f3n de reunirse y negociar con los sherpas de los otros pa\u00edses. Al tiempo que su equipo&nbsp;<strong>coordina a las distintas \u00e1reas que est\u00e1n involucradas dentro de la Argentina<\/strong>, que incluye a otros ministerios y no s\u00f3lo a la Canciller\u00eda.<\/p>\n\n\n\n<p>La necesidad de crear una unidad especial responde a que, anteriormente, los sherpas que representaron a la Argentina ten\u00edan otras funciones formales. Por ejemplo,&nbsp;<strong>Jorge Arg\u00fcello<\/strong>&nbsp;ocup\u00f3 ese cargo durante el gobierno de Alberto Fern\u00e1ndez, mientras era embajador en Estados Unidos. Con Mauricio Macri estuvo el diplom\u00e1tico de carrera&nbsp;<strong>Pedro Villagra Delgado.<\/strong><\/p>\n\n\n\n<figure class=\"wp-block-image\"><img decoding=\"async\" src=\"https:\/\/tn.com.ar\/resizer\/PR4QBOb9xNOeV6AeQaqGo9HtmHs=\/767x0\/smart\/filters:format(webp)\/cloudfront-us-east-1.images.arcpublishing.com\/artear\/P6GHUQ5M3Z2DFDZ2YFJUTUNSNQ.jpg\" alt=\"Javier Milei apunta a tener una relaci\u00f3n m\u00e1s estrecha con Occidente. (Foto: REUTERS\/Denis Balibouse)\"\/><\/figure>\n\n\n\n<p>La nueva Unidad G20 depender\u00e1 de la Secretar\u00eda de Coordinaci\u00f3n y Planificaci\u00f3n Exterior de la Canciller\u00eda, a cargo del diplom\u00e1tico&nbsp;<strong>Ernesto Gaspari.<\/strong><\/p>\n\n\n\n<p>En estas semanas de trabajo<strong>&nbsp;Pinedo se ve\u00eda limitado en sus funciones<\/strong>&nbsp;porque, en un \u00e1mbito tan formal y burocr\u00e1tico como es el diplom\u00e1tico, no pod\u00eda sentarse en la mesa con otros sherpas de igual a igual por la falta de nombramiento. Es por eso que el Gobierno apur\u00f3 la resoluci\u00f3n publicada esta ma\u00f1ana.<\/p>\n","protected":false},"excerpt":{"rendered":"<p>Se oficializ\u00f3 a trav\u00e9s de una resoluci\u00f3n publicada en el Bolet\u00edn Oficial. Hoy comenz\u00f3 la primera reuni\u00f3n de cancilleres del G20 en R\u00edo de Janeiro. En la ma\u00f1ana de hoy&hellip; <\/p>\n","protected":false},"author":8,"featured_media":127107,"comment_status":"closed","ping_status":"open","sticky":false,"template":"","format":"standard","meta":{"footnotes":""},"categories":[3],"tags":[],"class_list":["post-127106","post","type-post","status-publish","format-standard","has-post-thumbnail","hentry","category-politica"],"_links":{"self":[{"href":"https:\/\/corrientesdetarde.com\/index.php\/wp-json\/wp\/v2\/posts\/127106","targetHints":{"allow":["GET"]}}],"collection":[{"href":"https:\/\/corrientesdetarde.com\/index.php\/wp-json\/wp\/v2\/posts"}],"about":[{"href":"https:\/\/corrientesdetarde.com\/index.php\/wp-json\/wp\/v2\/types\/post"}],"author":[{"embeddable":true,"href":"https:\/\/corrientesdetarde.com\/index.php\/wp-json\/wp\/v2\/users\/8"}],"replies":[{"embeddable":true,"href":"https:\/\/corrientesdetarde.com\/index.php\/wp-json\/wp\/v2\/comments?post=127106"}],"version-history":[{"count":1,"href":"https:\/\/corrientesdetarde.com\/index.php\/wp-json\/wp\/v2\/posts\/127106\/revisions"}],"predecessor-version":[{"id":127108,"href":"https:\/\/corrientesdetarde.com\/index.php\/wp-json\/wp\/v2\/posts\/127106\/revisions\/127108"}],"wp:featuredmedia":[{"embeddable":true,"href":"https:\/\/corrientesdetarde.com\/index.php\/wp-json\/wp\/v2\/media\/127107"}],"wp:attachment":[{"href":"https:\/\/corrientesdetarde.com\/index.php\/wp-json\/wp\/v2\/media?parent=127106"}],"wp:term":[{"taxonomy":"category","embeddable":true,"href":"https:\/\/corrientesdetarde.com\/index.php\/wp-json\/wp\/v2\/categories?post=127106"},{"taxonomy":"post_tag","embeddable":true,"href":"https:\/\/corrientesdetarde.com\/index.php\/wp-json\/wp\/v2\/tags?post=127106"}],"curies":[{"name":"wp","href":"https:\/\/api.w.org\/{rel}","templated":true}]}}