{"id":127127,"date":"2024-02-21T14:45:20","date_gmt":"2024-02-21T17:45:20","guid":{"rendered":"https:\/\/corrientesdetarde.com\/?p=127127"},"modified":"2024-02-21T14:45:32","modified_gmt":"2024-02-21T17:45:32","slug":"como-inscribirse-al-programa-hogar-anses-y-cuanto-paga","status":"publish","type":"post","link":"https:\/\/corrientesdetarde.com\/index.php\/economia\/como-inscribirse-al-programa-hogar-anses-y-cuanto-paga\/","title":{"rendered":"C\u00f3mo inscribirse al Programa Hogar ANSES y cu\u00e1nto paga"},"content":{"rendered":"\n<p>Esta es la manera de acceder a este refuerzo para los grupos familiares que lo necesiten.<\/p>\n\n\n\n<p>La forma de inscribirse al  \u00a0Programa Hogares visitar la p\u00e1gina de la ANSES\u00a0y completar el formulario en la secci\u00f3n MiAnses, ingresando con la Clave de Seguridad Social. Previamente hay que solicitar la planilla a\u00a0<a href=\"mailto:inscripcionph@mecon.gob.ar\" target=\"_blank\" rel=\"noreferrer noopener\">inscripcionph@mecon.gob.ar<\/a>.<\/p>\n\n\n\n<p>Tambi\u00e9n se pueden inscribir las personas de manera\u00a0<strong>presencial<\/strong>\u00a0en\u00a0<strong>cualquier oficina de ANSES<\/strong>\u00a0con turno previo.<\/p>\n\n\n\n<h2 class=\"wp-block-heading\">Qui\u00e9nes pueden acceder al Programa Hogar y cu\u00e1les son los requisitos<\/h2>\n\n\n\n<p><strong>Todos los hogares sin conexi\u00f3n a la red de gas natural&nbsp;<\/strong>pueden solicitarlo&nbsp;<strong>siempre y cuando sus ingresos sean inferiores&nbsp;<\/strong>a los siguientes valores:<\/p>\n\n\n\n<ul class=\"wp-block-list\">\n<li>2 Salarios M\u00ednimos, Vitales y M\u00f3viles (SMVM).<\/li>\n\n\n\n<li>3 salarios m\u00ednimos si alguno de sus integrantes posee Certificado de Discapacidad.<\/li>\n\n\n\n<li>2,8 salarios m\u00ednimos si residen en las zonas m\u00e1s fr\u00edas del pa\u00eds.<\/li>\n\n\n\n<li>4,2 salarios m\u00ednimos si residen en las zonas m\u00e1s fr\u00edas del pa\u00eds y alguno de sus integrantes posee Certificado de Discapacidad.<\/li>\n<\/ul>\n\n\n\n<h2 class=\"wp-block-heading\">Cu\u00e1nto paga el subsidio del Programa Hogar ANSES<\/h2>\n\n\n\n<p>El&nbsp;<strong>Programa Hogar<\/strong>&nbsp;que paga la&nbsp;<strong>ANSES&nbsp;<\/strong>tiene un subsidio promedio de<strong>&nbsp;$1778<\/strong>&nbsp;en todo el pa\u00eds sobre el costo de garrafa de 10 kg, con una variaci\u00f3n dependiendo de cada provincia.<\/p>\n\n\n\n<p>El monto de compensaci\u00f3n sobre la garrafa de 10 kg seg\u00fan cada jurisdicci\u00f3n es el siguiente:<\/p>\n\n\n\n<ul class=\"wp-block-list\">\n<li><strong>Buenos Aires&nbsp;<\/strong>$1539<\/li>\n\n\n\n<li><strong>CABA&nbsp;<\/strong>$1788<\/li>\n\n\n\n<li><strong>Catamarca<\/strong>&nbsp;$1488<\/li>\n\n\n\n<li><strong>Chaco&nbsp;<\/strong>$1704<\/li>\n\n\n\n<li><strong>Chubut<\/strong>&nbsp;$1770<\/li>\n\n\n\n<li><strong>C\u00f3rdoba&nbsp;<\/strong>$1773<\/li>\n\n\n\n<li><strong>Corrientes<\/strong>&nbsp;$2107<\/li>\n\n\n\n<li><strong>Entre R\u00edos&nbsp;<\/strong>$1794<\/li>\n\n\n\n<li><strong>Formosa<\/strong>&nbsp;$1747<\/li>\n\n\n\n<li><strong>Jujuy&nbsp;<\/strong>$2051<\/li>\n\n\n\n<li><strong>La Pampa<\/strong>&nbsp;$1761<\/li>\n\n\n\n<li><strong>La Rioja&nbsp;<\/strong>$1924<\/li>\n\n\n\n<li><strong>Mendoza<\/strong>&nbsp;$1639<\/li>\n\n\n\n<li><strong>Misiones&nbsp;<\/strong>$2246<\/li>\n\n\n\n<li><strong>Neuqu\u00e9n&nbsp;<\/strong>$1922<\/li>\n\n\n\n<li><strong>R\u00edo Negro<\/strong>&nbsp;$1781<\/li>\n\n\n\n<li><strong>Salta&nbsp;<\/strong>$1825<\/li>\n\n\n\n<li><strong>San Juan<\/strong>&nbsp;$1935<\/li>\n\n\n\n<li><strong>San Luis&nbsp;<\/strong>$1814<\/li>\n\n\n\n<li><strong>Santa Cruz<\/strong>&nbsp;$1990<\/li>\n\n\n\n<li><strong>Santa Fe<\/strong>&nbsp;$2037<\/li>\n\n\n\n<li><strong>Santiago del Estero&nbsp;<\/strong>$2245<\/li>\n\n\n\n<li><strong>Tierra del Fuego<\/strong>&nbsp;$1990<\/li>\n\n\n\n<li><strong>Tucum\u00e1n&nbsp;<\/strong>$1771<\/li>\n<\/ul>\n\n\n\n<figure class=\"wp-block-image\"><img decoding=\"async\" src=\"https:\/\/tn.com.ar\/resizer\/bg49PvrDiP6NWNmR-eTpdDoUPrQ=\/767x0\/smart\/filters:format(webp)\/cloudfront-us-east-1.images.arcpublishing.com\/artear\/RCP3PQ7KUVE4VFBSV4AOVWFKBM.jpg\" alt=\"C\u00f3mo inscribirse al Programa Hogar 2024 (Foto: Adobe Stock).\"\/><\/figure>\n\n\n\n<h2 class=\"wp-block-heading\">\u00bfCu\u00e1ndo y c\u00f3mo se comunica el resultado de la solicitud?<\/h2>\n\n\n\n<p>El resultado se informa a trav\u00e9s de Mi ANSES&nbsp;<strong>a partir del d\u00eda 20 del mes pr\u00f3ximo o d\u00eda h\u00e1bil posterior<\/strong>.<\/p>\n","protected":false},"excerpt":{"rendered":"<p>Esta es la manera de acceder a este refuerzo para los grupos familiares que lo necesiten. La forma de inscribirse al \u00a0Programa Hogares visitar la p\u00e1gina de la ANSES\u00a0y completar&hellip; <\/p>\n","protected":false},"author":8,"featured_media":127128,"comment_status":"closed","ping_status":"open","sticky":false,"template":"","format":"standard","meta":{"footnotes":""},"categories":[20],"tags":[],"class_list":["post-127127","post","type-post","status-publish","format-standard","has-post-thumbnail","hentry","category-economia"],"_links":{"self":[{"href":"https:\/\/corrientesdetarde.com\/index.php\/wp-json\/wp\/v2\/posts\/127127","targetHints":{"allow":["GET"]}}],"collection":[{"href":"https:\/\/corrientesdetarde.com\/index.php\/wp-json\/wp\/v2\/posts"}],"about":[{"href":"https:\/\/corrientesdetarde.com\/index.php\/wp-json\/wp\/v2\/types\/post"}],"author":[{"embeddable":true,"href":"https:\/\/corrientesdetarde.com\/index.php\/wp-json\/wp\/v2\/users\/8"}],"replies":[{"embeddable":true,"href":"https:\/\/corrientesdetarde.com\/index.php\/wp-json\/wp\/v2\/comments?post=127127"}],"version-history":[{"count":1,"href":"https:\/\/corrientesdetarde.com\/index.php\/wp-json\/wp\/v2\/posts\/127127\/revisions"}],"predecessor-version":[{"id":127129,"href":"https:\/\/corrientesdetarde.com\/index.php\/wp-json\/wp\/v2\/posts\/127127\/revisions\/127129"}],"wp:featuredmedia":[{"embeddable":true,"href":"https:\/\/corrientesdetarde.com\/index.php\/wp-json\/wp\/v2\/media\/127128"}],"wp:attachment":[{"href":"https:\/\/corrientesdetarde.com\/index.php\/wp-json\/wp\/v2\/media?parent=127127"}],"wp:term":[{"taxonomy":"category","embeddable":true,"href":"https:\/\/corrientesdetarde.com\/index.php\/wp-json\/wp\/v2\/categories?post=127127"},{"taxonomy":"post_tag","embeddable":true,"href":"https:\/\/corrientesdetarde.com\/index.php\/wp-json\/wp\/v2\/tags?post=127127"}],"curies":[{"name":"wp","href":"https:\/\/api.w.org\/{rel}","templated":true}]}}