{"id":127295,"date":"2024-02-22T09:59:02","date_gmt":"2024-02-22T12:59:02","guid":{"rendered":"https:\/\/corrientesdetarde.com\/?p=127295"},"modified":"2024-02-22T09:59:14","modified_gmt":"2024-02-22T12:59:14","slug":"por-que-es-importante-tener-el-calendario-de-vacunacion-al-dia-cuando-empiezan-las-clases","status":"publish","type":"post","link":"https:\/\/corrientesdetarde.com\/index.php\/bienestar-y-salud\/por-que-es-importante-tener-el-calendario-de-vacunacion-al-dia-cuando-empiezan-las-clases\/","title":{"rendered":"Por qu\u00e9 es importante tener el calendario de vacunaci\u00f3n al d\u00eda cuando empiezan las clases"},"content":{"rendered":"\n<p>Se acerca el inicio del\u00a0<strong>ciclo escolar<\/strong>\u00a0y las familias comienzan con los requerimientos para la vuelta al colegio: los \u00fatiles, el uniforme&#8230; Pero no debemos olvidarnos de sumar a la lista realizar los controles de salud y la visita al pediatra.<\/p>\n\n\n\n<p>\u201cEsta consulta es de gran importancia para, no solo realizar los<strong>\u00a0chequeos anuales en todos los ni\u00f1os<\/strong>, sino tambi\u00e9n es una excelente oportunidad para revisar el calendario de vacunaci\u00f3n y asegurar que los chicos regresen a la escuela con las vacunas al d\u00eda\u201d, se\u00f1ala el doctor Norberto Giglio, pediatra (MN 84.374), experto en epidemiolog\u00eda del Hospital de Ni\u00f1os Ricardo Guti\u00e9rrez.<\/p>\n\n\n\n<p>Tener el&nbsp;<strong>calendario de vacunaci\u00f3n al d\u00eda<\/strong>&nbsp;es una estrategia sanitaria esencial para controlar el impacto de las enfermedades inmunoprevenibles en la comunidad. La vacunaci\u00f3n en tiempo con las dosis indicadas no solo proteger\u00e1 a los ni\u00f1os y adolescentes vacunados, sino que tambi\u00e9n contribuye a crear una&nbsp;<strong>salud colectiva<\/strong>, protegiendo a los individuos contra enfermedades espec\u00edficas y, contribuyendo a la inmunidad colectiva.<\/p>\n\n\n\n<p>\u201cEn otros t\u00e9rminos, al asegurarnos que los estudiantes est\u00e9n correctamente vacunados en la primaria, secundaria y universidad, se reduce el<strong>&nbsp;riesgo de brotes<\/strong>&nbsp;de enfermedades en la comunidad\u201d, se\u00f1ala el experto.<\/p>\n\n\n\n<p>Recientemente, el\u00a0<strong>ministerio de Salud de la Naci\u00f3n<\/strong>\u00a0emiti\u00f3 una alerta en el pa\u00eds sobre un caso confirmado de\u00a0<strong>sarampi\u00f3n<\/strong>\u00a0en un ni\u00f1o de 6 a\u00f1os en la regi\u00f3n de CABA, enfermedad que en la Argentina, gracias a la vacunaci\u00f3n, tiene interrumpida su circulaci\u00f3n end\u00e9mica desde 2000,. Como se han registrado brotes espor\u00e1dicos desde entonces, hay que mantener<strong>\u00a0altas coberturas de vacunaci\u00f3n y un sistema de vigilancia eficiente<\/strong>.<\/p>\n\n\n\n<h2 class=\"wp-block-heading\">Sobre las coberturas de vacunaci\u00f3n<\/h2>\n\n\n\n<p>\u201cSi bien en el \u00faltimo a\u00f1o se observ\u00f3 un leve aumento en las coberturas de vacunaci\u00f3n, estas a\u00fan persisten bajas. Las<strong>&nbsp;coberturas incompletas o muy bajas de vacunaci\u00f3n&nbsp;<\/strong>facilitan la aparici\u00f3n de enfermedades controladas o eliminadas como la hepatitis A, enfermedades invasivas por Haemophilus influenzae tipo B (Hib), difteria y t\u00e9tanos e incluso algunas erradicadas o en v\u00edas de erradicaci\u00f3n como el s\u00edndrome de rub\u00e9ola cong\u00e9nita, el sarampi\u00f3n y la poliomielitis\u201d, remarca Giglio.<\/p>\n\n\n\n<figure class=\"wp-block-image\"><img decoding=\"async\" src=\"https:\/\/tn.com.ar\/resizer\/ssVa8liRiaTmovt3Riily9h-U9s=\/767x0\/smart\/filters:format(webp)\/cloudfront-us-east-1.images.arcpublishing.com\/artear\/UCEBUSGZDZDKLAKT7EWJFVFKYA.jpg\" alt=\"Piden a tutores completar el calendario de vacunas en ni\u00f1os por el inicio de clases. NA\"\/><figcaption class=\"wp-element-caption\">Piden a tutores completar el calendario de vacunas en ni\u00f1os por el inicio de clases. NA<\/figcaption><\/figure>\n\n\n\n<p>\u201cEs por esto que para nosotros, los pediatras, es de vital importancia que&nbsp;<strong>los ni\u00f1os asistan a las consultas, por los menos dos veces al a\u00f1o<\/strong>, ya que hay muchas cuestiones de salud que van cambiando, no solo en su anatom\u00eda sino tambi\u00e9n las&nbsp;<strong>actualizaciones de los calendarios de vacunaci\u00f3n<\/strong>&nbsp;dependiendo el momento hist\u00f3rico de la vida desde reci\u00e9n nacidos, ni\u00f1os y adolescentes\u201d, indica.<\/p>\n\n\n\n<p>En el caso de los chicos y adolescentes que tienen calendarios de vacunaci\u00f3n incompletos, tambi\u00e9n es importante tener presente algunas consideraciones, como ser que en ning\u00fan caso deben\u00a0<strong>reiniciarse esquemas de vacunaci\u00f3n<\/strong>; sino completarlos con las vacunas que faltan recibir.<\/p>\n\n\n\n<p>\u201cEn el mismo sentido y con el \u00e1nimo de completar esquemas atrasados, las vacunas que corresponden ser\u00e1n administradas de forma simult\u00e1nea; ya que no existe un l\u00edmite m\u00e1ximo de aplicaciones. Las\u00a0vacunas\u00a0recibidas en forma simultanea no interfieren entre s\u00ed en cuanto a inmunogenicidad y eficacia y es fundamental conocer y respetar los intervalos entre dosis para asegurar una respuesta inmunol\u00f3gica adecuada\u201d, repasa. Si estos intervalos se acortan, la respuesta inmunitaria podr\u00eda no ser satisfactoria.<\/p>\n\n\n\n<p>\u201cAdem\u00e1s, quiero recordar y hacer hincapi\u00e9 en que todas<strong>&nbsp;las vacunas del calendario nacional son gratuitas, obligatorias, y se aplican en los vacunatorios oficiales<\/strong>, centros de salud y hospitales p\u00fablicos de todo el pa\u00eds\u201d, concluye.<\/p>\n","protected":false},"excerpt":{"rendered":"<p>Se acerca el inicio del\u00a0ciclo escolar\u00a0y las familias comienzan con los requerimientos para la vuelta al colegio: los \u00fatiles, el uniforme&#8230; Pero no debemos olvidarnos de sumar a la lista&hellip; <\/p>\n","protected":false},"author":12,"featured_media":127302,"comment_status":"closed","ping_status":"open","sticky":false,"template":"","format":"standard","meta":{"footnotes":""},"categories":[16],"tags":[],"class_list":["post-127295","post","type-post","status-publish","format-standard","has-post-thumbnail","hentry","category-bienestar-y-salud"],"_links":{"self":[{"href":"https:\/\/corrientesdetarde.com\/index.php\/wp-json\/wp\/v2\/posts\/127295","targetHints":{"allow":["GET"]}}],"collection":[{"href":"https:\/\/corrientesdetarde.com\/index.php\/wp-json\/wp\/v2\/posts"}],"about":[{"href":"https:\/\/corrientesdetarde.com\/index.php\/wp-json\/wp\/v2\/types\/post"}],"author":[{"embeddable":true,"href":"https:\/\/corrientesdetarde.com\/index.php\/wp-json\/wp\/v2\/users\/12"}],"replies":[{"embeddable":true,"href":"https:\/\/corrientesdetarde.com\/index.php\/wp-json\/wp\/v2\/comments?post=127295"}],"version-history":[{"count":1,"href":"https:\/\/corrientesdetarde.com\/index.php\/wp-json\/wp\/v2\/posts\/127295\/revisions"}],"predecessor-version":[{"id":127303,"href":"https:\/\/corrientesdetarde.com\/index.php\/wp-json\/wp\/v2\/posts\/127295\/revisions\/127303"}],"wp:featuredmedia":[{"embeddable":true,"href":"https:\/\/corrientesdetarde.com\/index.php\/wp-json\/wp\/v2\/media\/127302"}],"wp:attachment":[{"href":"https:\/\/corrientesdetarde.com\/index.php\/wp-json\/wp\/v2\/media?parent=127295"}],"wp:term":[{"taxonomy":"category","embeddable":true,"href":"https:\/\/corrientesdetarde.com\/index.php\/wp-json\/wp\/v2\/categories?post=127295"},{"taxonomy":"post_tag","embeddable":true,"href":"https:\/\/corrientesdetarde.com\/index.php\/wp-json\/wp\/v2\/tags?post=127295"}],"curies":[{"name":"wp","href":"https:\/\/api.w.org\/{rel}","templated":true}]}}