{"id":127339,"date":"2024-02-22T11:29:16","date_gmt":"2024-02-22T14:29:16","guid":{"rendered":"https:\/\/corrientesdetarde.com\/?p=127339"},"modified":"2024-02-22T11:29:21","modified_gmt":"2024-02-22T14:29:21","slug":"el-kun-aguero-recibio-una-noticia-muy-importante-sobre-su-salud","status":"publish","type":"post","link":"https:\/\/corrientesdetarde.com\/index.php\/deportes\/el-kun-aguero-recibio-una-noticia-muy-importante-sobre-su-salud\/","title":{"rendered":"El Kun Ag\u00fcero recibi\u00f3 una noticia muy importante sobre su salud"},"content":{"rendered":"\n<p>El\u00a0<strong>Kun Ag\u00fcero<\/strong>\u00a0sufri\u00f3 una arritmia card\u00edaca en 2021 durante un partido que disputaba con el Barcelona y posteriormente lleg\u00f3 a la conclusi\u00f3n, tras los consejos de los especialistas, que la mejor decisi\u00f3n para su bienestar era retirarse del f\u00fatbol. Desde entonces el exfutbolista de\u00a0<strong>Independiente\u00a0<\/strong>se volc\u00f3 al mundo del streaming y form\u00f3 un equipo que participa de la Kings League. Sin embargo en las \u00faltimas horas, el propio Kun divulg\u00f3 un audio en el que su cardi\u00f3logo le da una importante noticia.<\/p>\n\n\n\n<p>\u201c<strong>Como viene la mano hasta ahora, jugar ese tiempo, no vas a tener ning\u00fan problema<\/strong>, l\u00f3gicamente tenemos que hacer los estudios, ya corresponden, y hacerte correr como si fuera un el partido\u201d, fueron las primeras palabras de&nbsp;<strong>Roberto Peidr\u00f3<\/strong>, cardi\u00f3logo del Kun, en clara alusi\u00f3n a una pregunta del propio exjugador acerca de la posibilidad de disputar algunos minutos en un partido.<\/p>\n\n\n\n<p>En ese sentido el m\u00e9dico agreg\u00f3: \u201c<strong>Y es cierto, cuando ten\u00e9s los dos centrales, si ten\u00e9s que hacer un amague o una cosa as\u00ed ten\u00e9s que estar bien preparadito<\/strong>. As\u00ed que yo te dir\u00eda que prep\u00e1rate que hay alguna esperanza\u201d.<\/p>\n\n\n\n<p>Luego, en el audio difundido por el Kun, se escucha a Peidr\u00f3 autorizar al ex-Independiente a confirmar que hay chances de que pueda sumarse algunos minutos a un encuentro. \u201c<strong>Decile que yo te dije que andabas muy bien<\/strong>&nbsp;y que ten\u00e9s que ponerte bien en lo f\u00edsico como para estar unos minutos ah\u00ed, pero yo lo veo bien\u201d, asegura el cardi\u00f3logo, dando a entender que el Kun podr\u00eda volver a jugar al menos un ratito.<\/p>\n\n\n\n<p>Finalmente, el m\u00e9dico cerr\u00f3: \u201c<strong>Creo que est\u00e1s haciendo todo y no tuviste nada, vamos a controlarte un poquito m\u00e1s, en resumen es posible, la verdad que and\u00e1s muy bien<\/strong>\u201d.<\/p>\n\n\n\n<figure class=\"wp-block-image\"><img decoding=\"async\" src=\"https:\/\/tn.com.ar\/resizer\/oBzu6mSlapryQlN2ArOt2pTU78U=\/767x0\/smart\/filters:format(webp)\/thumbs.vodgc.net\/1-398-m5QZ5p1708604961042_480P.jpg\" alt=\"Video Placeholder\"\/><\/figure>\n\n\n\n<p>La importante noticia que recibi\u00f3 el Kun Ag\u00fcero de su salud. (Video: @kunaguero\/TikTok)<\/p>\n\n\n\n<h2 class=\"wp-block-heading\">Cu\u00e1ndo fue detectada la arritmia de Sergio Ag\u00fcero: el d\u00eda que sali\u00f3 de la cancha y asust\u00f3 al mundo<\/h2>\n\n\n\n<p>El 30 de octubre de 2021 el jugador se tom\u00f3 el cuello en pleno partido\u00a0entre el Barcelona y el Alav\u00e9s, por la Liga de Espa\u00f1a y, luego de dar indicios de dificultades para respirar, fue atendido por los m\u00e9dicos del equipo. Tras algunos minutos lo obligaron a retirarse del encuentro.<\/p>\n\n\n\n<p>Si bien es verdad que la arritmia card\u00edaca de Ag\u00fcero hab\u00eda sido detectada en su juventud, ese d\u00eda fue la primera vez que le trajo problemas para jugar al f\u00fatbol.<\/p>\n\n\n\n<h2 class=\"wp-block-heading\">El antecedente: a los 12 a\u00f1os el Kun Ag\u00fcero sufri\u00f3 su primera arritmia<\/h2>\n\n\n\n<p>Cuando ten\u00eda 12 a\u00f1os, el futbolista sufri\u00f3 el que ser\u00eda su primera antecedente card\u00edaco, pero el jugador practic\u00f3 el f\u00fatbol de forma profesional y sin complicaciones hasta el incidente ante el Alav\u00e9s.<\/p>\n\n\n\n<h2 class=\"wp-block-heading\">Qui\u00e9n es Roberto Peidr\u00f3, el cardi\u00f3logo del Kun Ag\u00fcero<\/h2>\n\n\n\n<p><strong>Roberto Peidr\u00f3&nbsp;<\/strong>logr\u00f3 combinar sus dos pasiones: el f\u00fatbol y la medicina. En la actualidad es m\u00e9dico cardi\u00f3logo y especialista en Medicina del Deporte. Pero antes de ser doctor, fue arquero. Jug\u00f3 en El Porvenir, en Mor\u00f3n, donde ataj\u00f3 siente penales durante su paso por el club hasta 1982 y gan\u00f3 el campeonato de Primera C.<\/p>\n\n\n\n<p>Entre sus an\u00e9cdotas se destacan la que protagoniz\u00f3 al finalizar un partido de Primera B que disputaron Deportivo Mor\u00f3n y Banfield en julio de 1981. En ese encuentro un espectador sufri\u00f3 un paro card\u00edaco y fue asistido por Peidr\u00f3, quien atendi\u00f3 al hincha con sus ropas de jugador. Adem\u00e1s, cuando era jugador de El Porvenir, disput\u00f3 un partido sin dormir porque tuvo que cubrir una guardia. En el Mundial de 1994, en los Estados Unidos, integr\u00f3 el cuerpo m\u00e9dico de la Selecci\u00f3n argentina.<\/p>\n\n\n\n<figure class=\"wp-block-image\"><img decoding=\"async\" src=\"https:\/\/tn.com.ar\/resizer\/_gXVJJOx2tvM4YZxAtR0A2e4_XY=\/767x0\/smart\/filters:format(webp)\/cloudfront-us-east-1.images.arcpublishing.com\/artear\/NXWTNQD34ZBLVEMHUOQIC5ZG6M.JPG\" alt=\"(Foto: @robertopeidro\/Instagram)\"\/><figcaption class=\"wp-element-caption\">(Foto: @robertopeidro\/Instagram)Por:&nbsp;<strong>Nicolas Campolongo<\/strong><\/figcaption><\/figure>\n","protected":false},"excerpt":{"rendered":"<p>El\u00a0Kun Ag\u00fcero\u00a0sufri\u00f3 una arritmia card\u00edaca en 2021 durante un partido que disputaba con el Barcelona y posteriormente lleg\u00f3 a la conclusi\u00f3n, tras los consejos de los especialistas, que la mejor&hellip; <\/p>\n","protected":false},"author":12,"featured_media":127345,"comment_status":"closed","ping_status":"open","sticky":false,"template":"","format":"standard","meta":{"footnotes":""},"categories":[4],"tags":[],"class_list":["post-127339","post","type-post","status-publish","format-standard","has-post-thumbnail","hentry","category-deportes"],"_links":{"self":[{"href":"https:\/\/corrientesdetarde.com\/index.php\/wp-json\/wp\/v2\/posts\/127339","targetHints":{"allow":["GET"]}}],"collection":[{"href":"https:\/\/corrientesdetarde.com\/index.php\/wp-json\/wp\/v2\/posts"}],"about":[{"href":"https:\/\/corrientesdetarde.com\/index.php\/wp-json\/wp\/v2\/types\/post"}],"author":[{"embeddable":true,"href":"https:\/\/corrientesdetarde.com\/index.php\/wp-json\/wp\/v2\/users\/12"}],"replies":[{"embeddable":true,"href":"https:\/\/corrientesdetarde.com\/index.php\/wp-json\/wp\/v2\/comments?post=127339"}],"version-history":[{"count":1,"href":"https:\/\/corrientesdetarde.com\/index.php\/wp-json\/wp\/v2\/posts\/127339\/revisions"}],"predecessor-version":[{"id":127346,"href":"https:\/\/corrientesdetarde.com\/index.php\/wp-json\/wp\/v2\/posts\/127339\/revisions\/127346"}],"wp:featuredmedia":[{"embeddable":true,"href":"https:\/\/corrientesdetarde.com\/index.php\/wp-json\/wp\/v2\/media\/127345"}],"wp:attachment":[{"href":"https:\/\/corrientesdetarde.com\/index.php\/wp-json\/wp\/v2\/media?parent=127339"}],"wp:term":[{"taxonomy":"category","embeddable":true,"href":"https:\/\/corrientesdetarde.com\/index.php\/wp-json\/wp\/v2\/categories?post=127339"},{"taxonomy":"post_tag","embeddable":true,"href":"https:\/\/corrientesdetarde.com\/index.php\/wp-json\/wp\/v2\/tags?post=127339"}],"curies":[{"name":"wp","href":"https:\/\/api.w.org\/{rel}","templated":true}]}}