{"id":127340,"date":"2024-02-22T11:26:49","date_gmt":"2024-02-22T14:26:49","guid":{"rendered":"https:\/\/corrientesdetarde.com\/?p=127340"},"modified":"2024-02-22T13:00:57","modified_gmt":"2024-02-22T16:00:57","slug":"la-expareja-de-sofia-sarkany-presento-a-su-nueva-novia-a-casi-tres-anos-de-la-muerte-de-la-disenadora","status":"publish","type":"post","link":"https:\/\/corrientesdetarde.com\/index.php\/informacion-general\/la-expareja-de-sofia-sarkany-presento-a-su-nueva-novia-a-casi-tres-anos-de-la-muerte-de-la-disenadora\/","title":{"rendered":"La expareja de Sof\u00eda Sarkany present\u00f3 a su nueva novia, a casi tres a\u00f1os de la muerte de la dise\u00f1adora"},"content":{"rendered":"\n<p>A casi tres a\u00f1os de la muerte de<strong>Sof\u00eda Sarkany<\/strong>\u00a0a causa de un c\u00e1ncer de \u00fatero,\u00a0<strong>Tom\u00e1s Allende<\/strong>, el pap\u00e1 de su hijo F\u00e9lix,\u00a0<strong>volvi\u00f3 a apostar al amor<\/strong>. As\u00ed lo comunic\u00f3 \u00e9l mismo en sus redes sociales, donde public\u00f3 algunas fotos junto a su actual novia.<\/p>\n\n\n\n<p>La dise\u00f1adora se hab\u00eda\u00a0<strong>convertido en mam\u00e1\u00a0<\/strong>una semana antes de su partida. El beb\u00e9 lleg\u00f3 al mundo en marzo del 2021, luego de un tratamiento de\u00a0<strong>subrogaci\u00f3n de vientre<\/strong>\u00a0ya que al enterarse de su enfermedad hab\u00eda decidido congelar \u00f3vulos.<\/p>\n\n\n\n<p>\u201cQuien fue pareja y es el padre del hijo de Sofi Sarkany volvi\u00f3 a apostar al amor\u201d, escribi\u00f3 la&nbsp;<em>influencer&nbsp;<\/em>Pochi en su perfil&nbsp;<em>Gossipeame<\/em>. En esa historia de Instagram, la panelista de&nbsp;<em>Empezar el d\u00eda (Ciudad Magazine)&nbsp;<\/em>destac\u00f3<em>:&nbsp;<\/em>\u201c<strong>Las hermanas de ella claramente le hacen el aguante<\/strong>&nbsp;likeando su publicaci\u00f3n\u201d.<\/p>\n\n\n\n<figure class=\"wp-block-image\"><img decoding=\"async\" src=\"https:\/\/tn.com.ar\/resizer\/OOK-lw4o_UPj98d1Eo_QTP7JFuc=\/767x0\/smart\/filters:format(webp)\/cloudfront-us-east-1.images.arcpublishing.com\/artear\/BO3WFBPA3NBXLBTCH4UV2OYCN4.png\" alt=\"Tom\u00e1s Allende, el pap\u00e1 del hijo de Sof\u00eda Sarkany, present\u00f3 a su nueva novia en las redes sociales. (Foto: Instagram\/gossipeame)\"\/><figcaption class=\"wp-element-caption\">Tom\u00e1s Allende, el pap\u00e1 del hijo de Sof\u00eda Sarkany, present\u00f3 a su nueva novia en las redes sociales. (Foto: Instagram\/gossipeame)<\/figcaption><\/figure>\n\n\n\n<p><strong>\u201cHabr\u00e1 sido dur\u00edsimo para \u00e9l, justo hab\u00edan tenido a su bebito\u201d<\/strong>, expres\u00f3 la instagrammer en su perfil de chimentos. En las postales se lo puede ver a Tom\u00e1s muy rom\u00e1ntico compartiendo sus vacaciones junto a<strong>&nbsp;Camila Bonasso<\/strong>, su nueva novia.<\/p>\n\n\n\n<p>Entre los comentarios de la publicaci\u00f3n hubo varias emojis de corazones y aplausos,&nbsp;<strong>celebrando el amor&nbsp;<\/strong>entre ellos. \u201cAy, qu\u00e9 linda pareja\u201d, escribi\u00f3 una internauta.<strong>&nbsp;\u201cQu\u00e9 felicidad, Tom\u201d<\/strong>, lanz\u00f3 otra mujer y recibi\u00f3 el \u201cme gusta\u201d por parte del joven.<\/p>\n\n\n\n<figure class=\"wp-block-image\"><img decoding=\"async\" src=\"https:\/\/tn.com.ar\/resizer\/9L3HevBAmZJgF27pko1DVgvtH_I=\/767x0\/smart\/filters:format(webp)\/cloudfront-us-east-1.images.arcpublishing.com\/artear\/J6GZCTWE45EUFCBEWJPX2SWXVY.JPG\" alt=\"Tom\u00e1s Allende volvi\u00f3 a apostar al amor y present\u00f3 a Camila, su nueva novia. (Foto: Instagram\/tomiee)\"\/><figcaption class=\"wp-element-caption\">Tom\u00e1s Allende volvi\u00f3 a apostar al amor y present\u00f3 a Camila, su nueva novia. (Foto: Instagram\/tomiee)<\/figcaption><\/figure>\n\n\n\n<h2 class=\"wp-block-heading\">Qu\u00e9 le pas\u00f3 a Sof\u00eda Sarkany y c\u00f3mo fueron sus \u00faltimos d\u00edas en una cl\u00ednica de Miami<\/h2>\n\n\n\n<p>La hija del empresario de zapatos muri\u00f3 a los 31 a\u00f1os, el<strong>&nbsp;29 de marzo del 2021<\/strong>. Se encontraba internada en una cl\u00ednica de Miami tras haber sido diagnosticada con c\u00e1ncer de \u00fatero. D\u00edas antes de su partida, Sofi hab\u00eda sido madre de&nbsp;<strong>F\u00e9lix&nbsp;<\/strong>junto a Tom\u00e1s Allende despu\u00e9s de subrogar un vientre, ya que al enterarse de su enfermedad<strong>&nbsp;tom\u00f3 la decisi\u00f3n de congelar \u00f3vulos<\/strong>.<\/p>\n\n\n\n<p>\u201c<strong>F\u00e9lix naci\u00f3 5 d\u00edas antes de que ella falleciera<\/strong>, tranquilamente eso no debi\u00f3 haber sido por el estado que ten\u00eda, pero s\u00ed<strong>&nbsp;lo pudo tener en brazos, tener contacto<\/strong>\u201d, hab\u00eda contado Ricky Sarkany durante su entrevista en&nbsp;<em>Caja Negra<\/em>.<\/p>\n\n\n\n<figure class=\"wp-block-image\"><img decoding=\"async\" src=\"https:\/\/tn.com.ar\/resizer\/lZWFeV-IvWtEKWCHv74vSzqxrkw=\/767x0\/smart\/filters:format(webp)\/cloudfront-us-east-1.images.arcpublishing.com\/artear\/ZXT2ML2IFREW7JOYX7XZGFDRVY.jpg\" alt=\"&quot;Sof\u00eda ten\u00eda un sue\u00f1o que era tener un hijo&quot;, dijo Ricky Sarkany. (Foto: Instagram\/ Rickysarkany)\n\"\/><figcaption class=\"wp-element-caption\">&#8220;Sof\u00eda ten\u00eda un sue\u00f1o que era tener un hijo&#8221;, dijo Ricky Sarkany. (Foto: Instagram\/ Rickysarkany)<\/figcaption><\/figure>\n\n\n\n<p>Sobre los \u00faltimos d\u00edas de la dise\u00f1adora, su pap\u00e1 hab\u00eda revelado un momento muy emotivo que vivieron en la cl\u00ednica donde estaba hospitalizada. \u201cCuando estaba intubada nos pidieron que nos despidamos, pero vuelven Clara, Josefina y Violeta (sus hermanas) a estar con ella y con Tomy, su marido. Le iba bajando el pulso y entonces&nbsp;<strong>le ponen una m\u00fasica que a ella le gustaba escuchar<\/strong>, le hacen mimitos, le hablan, y llega la enfermera desesperada, \u2018no s\u00e9 qu\u00e9 est\u00e1n haciendo, pero s\u00edganlo haciendo porque el pulso est\u00e1 normal\u2019. Luego comentan que le cay\u00f3 una l\u00e1grima\u201d, dijo.<\/p>\n\n\n\n<p>En ese di\u00e1logo con Julio Leiva, Ricky Sarkany tambi\u00e9n hab\u00eda relatado el encuentro casual que tuvo en Miami con&nbsp;<strong>Gustavo Yankelevich<\/strong>, quien perdi\u00f3 a su hija Romina cuando ella ten\u00eda 36 a\u00f1os de edad. \u201c\u00bfC\u00f3mo se mide la vida? \u00bfSe mide en d\u00edas, en a\u00f1os, en meses, en risas? Yo te aseguro que si lo medimos en momentos, de emoci\u00f3n y disfrutar,<strong>&nbsp;Sof\u00eda fue millonaria en la vida<\/strong>\u201d, reflexion\u00f3.<\/p>\n","protected":false},"excerpt":{"rendered":"<p>A casi tres a\u00f1os de la muerte deSof\u00eda Sarkany\u00a0a causa de un c\u00e1ncer de \u00fatero,\u00a0Tom\u00e1s Allende, el pap\u00e1 de su hijo F\u00e9lix,\u00a0volvi\u00f3 a apostar al amor. As\u00ed lo comunic\u00f3 \u00e9l&hellip; <\/p>\n","protected":false},"author":12,"featured_media":127374,"comment_status":"closed","ping_status":"open","sticky":false,"template":"","format":"standard","meta":{"footnotes":""},"categories":[1],"tags":[],"class_list":["post-127340","post","type-post","status-publish","format-standard","has-post-thumbnail","hentry","category-informacion-general"],"_links":{"self":[{"href":"https:\/\/corrientesdetarde.com\/index.php\/wp-json\/wp\/v2\/posts\/127340","targetHints":{"allow":["GET"]}}],"collection":[{"href":"https:\/\/corrientesdetarde.com\/index.php\/wp-json\/wp\/v2\/posts"}],"about":[{"href":"https:\/\/corrientesdetarde.com\/index.php\/wp-json\/wp\/v2\/types\/post"}],"author":[{"embeddable":true,"href":"https:\/\/corrientesdetarde.com\/index.php\/wp-json\/wp\/v2\/users\/12"}],"replies":[{"embeddable":true,"href":"https:\/\/corrientesdetarde.com\/index.php\/wp-json\/wp\/v2\/comments?post=127340"}],"version-history":[{"count":2,"href":"https:\/\/corrientesdetarde.com\/index.php\/wp-json\/wp\/v2\/posts\/127340\/revisions"}],"predecessor-version":[{"id":127344,"href":"https:\/\/corrientesdetarde.com\/index.php\/wp-json\/wp\/v2\/posts\/127340\/revisions\/127344"}],"wp:featuredmedia":[{"embeddable":true,"href":"https:\/\/corrientesdetarde.com\/index.php\/wp-json\/wp\/v2\/media\/127374"}],"wp:attachment":[{"href":"https:\/\/corrientesdetarde.com\/index.php\/wp-json\/wp\/v2\/media?parent=127340"}],"wp:term":[{"taxonomy":"category","embeddable":true,"href":"https:\/\/corrientesdetarde.com\/index.php\/wp-json\/wp\/v2\/categories?post=127340"},{"taxonomy":"post_tag","embeddable":true,"href":"https:\/\/corrientesdetarde.com\/index.php\/wp-json\/wp\/v2\/tags?post=127340"}],"curies":[{"name":"wp","href":"https:\/\/api.w.org\/{rel}","templated":true}]}}