{"id":12764,"date":"2022-10-19T19:10:25","date_gmt":"2022-10-19T22:10:25","guid":{"rendered":"https:\/\/corrientesdetarde.com\/?p=12764"},"modified":"2022-10-19T19:10:28","modified_gmt":"2022-10-19T22:10:28","slug":"sabag-montiel-pidio-que-un-militante-de-derecha-le-pague-su-nuevo-abogado","status":"publish","type":"post","link":"https:\/\/corrientesdetarde.com\/index.php\/crimen-y-justicia\/sabag-montiel-pidio-que-un-militante-de-derecha-le-pague-su-nuevo-abogado\/","title":{"rendered":"Sabag Montiel pidi\u00f3 que un militante de derecha le pague su nuevo abogado"},"content":{"rendered":"\n<p>Fernando Sabag Montiel, imputado por el atentado a Cristina Kirchner, le solicit\u00f3 a la jueza Capuchetti que Hern\u00e1n Carrol, vinculado a Javier Milei y Jos\u00e9 Luis Espert, sea quien se haga cargo de los honorarios de su nuevo abogado defensor.<\/p>\n\n\n\n<p>Fernando Sabag Montiel pidi\u00f3 a la jueza Mar\u00eda Eugenia Capuchetti que&nbsp;<strong>Hern\u00e1n Carroll<\/strong>, militante pol\u00edtico vinculado a Javier Milei, le designe y pague un nuevo abogado.<\/p>\n\n\n\n<p>A trav\u00e9s de una carta escrita de pu\u00f1o y letra, con su firma y hasta una huella digital, el detenido por el atentado a Cristina Kirchner pidi\u00f3 que se aparte al abogado oficial Juan Martin Hermida para que el referente del espacio Nueva Centroderecha, sea la persona que le elija y le designe un nuevo abogado.<\/p>\n\n\n\n<h4 class=\"wp-block-heading\">Las declaraciones de Sabag Montiel<\/h4>\n\n\n\n<p>El imputado por el intento de magnicidio, se neg\u00f3 a declarar en dos ocasiones y, en una tercera ocasi\u00f3n, habl\u00f3 ante la jueza y el fiscal. En ese momento, se mostr\u00f3 desconectado con la realidad y solicit\u00f3 que identifiquen al hombre que lo golpe\u00f3 cuando lo detuvieron tras los disparos fallidos.<\/p>\n\n\n\n<p>Luego, se neg\u00f3 a hablar sobre la noche del 1 de septiembre e indic\u00f3 \u00e9l era &#8220;el hombre gris&#8221;, en referencia a unos escritos de Benjam\u00edn Solari Parravicini, seg\u00fan inform\u00f3<em>&nbsp;La Naci\u00f3n.<\/em><\/p>\n\n\n\n<p>Durante ese intercambio con la jueza federal Mar\u00eda Eugenia Capuchetti, Sabag Montiel dej\u00f3 claro que Hermida no era quien \u00e9l quer\u00eda como abogado.&nbsp;<strong>\u201cYo no quiero a este defensor. Yo quiero a Luciani\u201d<\/strong>, le dijo a la magistrada.<\/p>\n\n\n\n<p>Ante eso, le explicaron que Diego Luciani no se ocupa de defender, sino de acusar, pero insisti\u00f3: \u201cQuiero a Luciani\u201d.<\/p>\n","protected":false},"excerpt":{"rendered":"<p>Fernando Sabag Montiel, imputado por el atentado a Cristina Kirchner, le solicit\u00f3 a la jueza Capuchetti que Hern\u00e1n Carrol, vinculado a Javier Milei y Jos\u00e9 Luis Espert, sea quien se&hellip; <\/p>\n","protected":false},"author":8,"featured_media":12765,"comment_status":"closed","ping_status":"open","sticky":false,"template":"","format":"standard","meta":{"footnotes":""},"categories":[5],"tags":[],"class_list":["post-12764","post","type-post","status-publish","format-standard","has-post-thumbnail","hentry","category-crimen-y-justicia"],"_links":{"self":[{"href":"https:\/\/corrientesdetarde.com\/index.php\/wp-json\/wp\/v2\/posts\/12764","targetHints":{"allow":["GET"]}}],"collection":[{"href":"https:\/\/corrientesdetarde.com\/index.php\/wp-json\/wp\/v2\/posts"}],"about":[{"href":"https:\/\/corrientesdetarde.com\/index.php\/wp-json\/wp\/v2\/types\/post"}],"author":[{"embeddable":true,"href":"https:\/\/corrientesdetarde.com\/index.php\/wp-json\/wp\/v2\/users\/8"}],"replies":[{"embeddable":true,"href":"https:\/\/corrientesdetarde.com\/index.php\/wp-json\/wp\/v2\/comments?post=12764"}],"version-history":[{"count":1,"href":"https:\/\/corrientesdetarde.com\/index.php\/wp-json\/wp\/v2\/posts\/12764\/revisions"}],"predecessor-version":[{"id":12766,"href":"https:\/\/corrientesdetarde.com\/index.php\/wp-json\/wp\/v2\/posts\/12764\/revisions\/12766"}],"wp:featuredmedia":[{"embeddable":true,"href":"https:\/\/corrientesdetarde.com\/index.php\/wp-json\/wp\/v2\/media\/12765"}],"wp:attachment":[{"href":"https:\/\/corrientesdetarde.com\/index.php\/wp-json\/wp\/v2\/media?parent=12764"}],"wp:term":[{"taxonomy":"category","embeddable":true,"href":"https:\/\/corrientesdetarde.com\/index.php\/wp-json\/wp\/v2\/categories?post=12764"},{"taxonomy":"post_tag","embeddable":true,"href":"https:\/\/corrientesdetarde.com\/index.php\/wp-json\/wp\/v2\/tags?post=12764"}],"curies":[{"name":"wp","href":"https:\/\/api.w.org\/{rel}","templated":true}]}}