{"id":127693,"date":"2024-02-23T22:50:01","date_gmt":"2024-02-24T01:50:01","guid":{"rendered":"https:\/\/corrientesdetarde.com\/?p=127693"},"modified":"2024-02-23T22:50:13","modified_gmt":"2024-02-24T01:50:13","slug":"ortigoza-es-lindo-ganarle-a-boca-pero-nuestro-clasico-es-huracan","status":"publish","type":"post","link":"https:\/\/corrientesdetarde.com\/index.php\/deportes\/ortigoza-es-lindo-ganarle-a-boca-pero-nuestro-clasico-es-huracan\/","title":{"rendered":"Ortigoza: \u201cEs lindo ganarle a Boca pero nuestro cl\u00e1sico es Hurac\u00e1n\u201d"},"content":{"rendered":"\n<p>El manager de San Lorenzo habl\u00f3 a pocas del duelo barrial.<\/p>\n\n\n\n<p><strong>El \u00eddolo y actual dirigente a cargo del f\u00fatbol profesional de San Lorenzo, N\u00e9stor Ortigoza, palpit\u00f3 el cl\u00e1sico ante Hurac\u00e1n<\/strong>&nbsp;y, en el medio de las chicanas entre los presidentes Marcelo Moretti y David Garz\u00f3n, el ex mediocampista aclar\u00f3 que&nbsp;<strong>\u201ces lindo ganarle a Boca\u201d pero el \u201cGlobo\u201d es el cl\u00e1sico del&nbsp;\u201cCicl\u00f3n\u201d. &nbsp;<\/strong><\/p>\n\n\n\n<p>A poco m\u00e1s de 24 horas para lo que ser\u00e1 la&nbsp;<strong>edici\u00f3n n\u00famero 174 del cl\u00e1sico entre San Lorenzo y Hurac\u00e1n<\/strong>, el dirigente a cargo del f\u00fatbol profesional del \u201cCicl\u00f3n\u201d opin\u00f3 al respecto de lo que ser\u00e1 el partido en el estadio Tom\u00e1s Adolfo Duco:<strong>&nbsp;\u201cEs muy lindo ganarle a Boca, pero nuestro cl\u00e1sico es Hurac\u00e1n. El cl\u00e1sico es muy importante para la gente y para la instituci\u00f3n\u201d.&nbsp;<\/strong><\/p>\n\n\n\n<p>En el comienzo de la semana, el presidente sanlorencista Marcelo Moretti chicane\u00f3 al \u201cGlobo\u201d y declar\u00f3 que<strong>&nbsp;&#8220;es un cl\u00e1sico muy importante, un cl\u00e1sico barrial.&nbsp;Para m\u00ed Boca es un poco m\u00e1s importante como cl\u00e1sico, pero bueno, hay que darle la importancia del caso.&nbsp;Prefiero ganarle a Boca antes que a Hurac\u00e1n&#8221;.&nbsp;<\/strong><\/p>\n\n\n\n<p>En respuesta al mandatario del \u201cCicl\u00f3n\u201d, su par quemero David Garz\u00f3n sostuvo que&nbsp;<strong>&#8220;si hablamos de cl\u00e1sico barrial, yo lo veo m\u00e1s cl\u00e1sico de Riestra que de Boca. El cl\u00e1sico nuestro es San Lorenzo. Eso est\u00e1 fuera de discusi\u00f3n&#8221;.&nbsp;<\/strong><\/p>\n\n\n\n<p>Luego, el exmundialista con la selecci\u00f3n de Paraguay en Sud\u00e1frica 2010 dej\u00f3 en clara su banca para el director t\u00e9cnico de San Lorenzo, Ruben Dar\u00edo Insua:<strong>&nbsp;\u201cConfiamos en Insua, conoce absolutamente todos los pasillos del club. Si hay alguien que no quiere a Insua, tendr\u00e1 que esperar cuatro a\u00f1os para hacerse una lista y ah\u00ed ganar\u201d.&nbsp;<\/strong><\/p>\n\n\n\n<p>Por \u00faltimo, el campe\u00f3n de la Libertadores 2014 con el \u201cCicl\u00f3n\u201d opin\u00f3 sobre los refuerzos que llegaron al club en el reciente mercado de pases:&nbsp;<strong>\u201cYo no tengo dudas de que los refuerzos le van a dar alegr\u00edas a San Lorenzo\u201d.&nbsp;<\/strong><\/p>\n","protected":false},"excerpt":{"rendered":"<p>El manager de San Lorenzo habl\u00f3 a pocas del duelo barrial. El \u00eddolo y actual dirigente a cargo del f\u00fatbol profesional de San Lorenzo, N\u00e9stor Ortigoza, palpit\u00f3 el cl\u00e1sico ante&hellip; <\/p>\n","protected":false},"author":4,"featured_media":127694,"comment_status":"closed","ping_status":"open","sticky":false,"template":"","format":"standard","meta":{"footnotes":""},"categories":[4],"tags":[],"class_list":["post-127693","post","type-post","status-publish","format-standard","has-post-thumbnail","hentry","category-deportes"],"_links":{"self":[{"href":"https:\/\/corrientesdetarde.com\/index.php\/wp-json\/wp\/v2\/posts\/127693","targetHints":{"allow":["GET"]}}],"collection":[{"href":"https:\/\/corrientesdetarde.com\/index.php\/wp-json\/wp\/v2\/posts"}],"about":[{"href":"https:\/\/corrientesdetarde.com\/index.php\/wp-json\/wp\/v2\/types\/post"}],"author":[{"embeddable":true,"href":"https:\/\/corrientesdetarde.com\/index.php\/wp-json\/wp\/v2\/users\/4"}],"replies":[{"embeddable":true,"href":"https:\/\/corrientesdetarde.com\/index.php\/wp-json\/wp\/v2\/comments?post=127693"}],"version-history":[{"count":1,"href":"https:\/\/corrientesdetarde.com\/index.php\/wp-json\/wp\/v2\/posts\/127693\/revisions"}],"predecessor-version":[{"id":127695,"href":"https:\/\/corrientesdetarde.com\/index.php\/wp-json\/wp\/v2\/posts\/127693\/revisions\/127695"}],"wp:featuredmedia":[{"embeddable":true,"href":"https:\/\/corrientesdetarde.com\/index.php\/wp-json\/wp\/v2\/media\/127694"}],"wp:attachment":[{"href":"https:\/\/corrientesdetarde.com\/index.php\/wp-json\/wp\/v2\/media?parent=127693"}],"wp:term":[{"taxonomy":"category","embeddable":true,"href":"https:\/\/corrientesdetarde.com\/index.php\/wp-json\/wp\/v2\/categories?post=127693"},{"taxonomy":"post_tag","embeddable":true,"href":"https:\/\/corrientesdetarde.com\/index.php\/wp-json\/wp\/v2\/tags?post=127693"}],"curies":[{"name":"wp","href":"https:\/\/api.w.org\/{rel}","templated":true}]}}