{"id":127696,"date":"2024-02-23T23:03:38","date_gmt":"2024-02-24T02:03:38","guid":{"rendered":"https:\/\/corrientesdetarde.com\/?p=127696"},"modified":"2024-02-23T23:04:13","modified_gmt":"2024-02-24T02:04:13","slug":"con-charlas-y-exposiciones-comenzaron-loshomenajes-al-general-jose-de-san-martin","status":"publish","type":"post","link":"https:\/\/corrientesdetarde.com\/index.php\/actualidad\/con-charlas-y-exposiciones-comenzaron-loshomenajes-al-general-jose-de-san-martin\/","title":{"rendered":"Con charlas y exposiciones, comenzaron los homenajes al General Jos\u00e9 de San Mart\u00edn"},"content":{"rendered":"\n<p><em>En Casa Molinas, la Municipalidad habilit\u00f3 una muestra de billetes, monedas y estampillas con la imagen del Padre de la Patria. Adem\u00e1s, hay elementos relacionados a su figura, como armas que se utilizaron en el combate de San Lorenzo, banderas, cuadros, entre otros. Con entrada libre y gratuita, la exposici\u00f3n podr\u00e1 visitarse hasta el 4 de marzo.<\/em><\/p>\n\n\n\n<figure class=\"wp-block-embed is-type-video is-provider-youtube wp-block-embed-youtube wp-embed-aspect-16-9 wp-has-aspect-ratio\"><div class=\"wp-block-embed__wrapper\">\n<iframe loading=\"lazy\" title=\"Con charlas y exposiciones, comenz\u00f3 la Semana Homenaje al General Jos\u00e9 de San Mart\u00edn\" width=\"1110\" height=\"624\" src=\"https:\/\/www.youtube.com\/embed\/keJNE3XctM0?feature=oembed\" frameborder=\"0\" allow=\"accelerometer; autoplay; clipboard-write; encrypted-media; gyroscope; picture-in-picture; web-share\" allowfullscreen><\/iframe>\n<\/div><\/figure>\n\n\n\n<p>En el marco del 246\u00ba aniversario de su natalicio \u2013este domingo 25 de febrero-, la Municipalidad de Corrientes organiza una serie de actividades para homenajear al General Don Jos\u00e9 de San Mart\u00edn. La primera tuvo lugar este jueves en Casa Molinas, donde se habilit\u00f3 la exposici\u00f3n \u201cSan Mart\u00edn, un correntino de ley\u201d. Adem\u00e1s se realiz\u00f3 un merecido homenaje post mortem al doctor Gaspar Moreno, quien fuera el presidente del Instituto Sanmartiniano de Corrientes.<br>\u00a0<br>La directora de Espacios Culturales Municipales, Silvia Ruiz, destac\u00f3 que \u201ces muy importante que todos y principalmente los correntinos, sepamos la historia verdadera del General Jos\u00e9 de San Mart\u00edn. La historia que \u00e9l gest\u00f3 en el pa\u00eds, en el continente\u201d.<br>\u00a0<br>Cabe destacar que esta actividad, como el resto que se desarrollar\u00e1n en los pr\u00f3ximos d\u00edas, son organizadas por la Municipalidad junto a la Asociaci\u00f3n Filat\u00e9lica Numism\u00e1tica Correntina (Asfynco) y el Instituto Sanmartiniano de la Provincia de Corrientes.<br>\u00a0<br>En la muestra en Casa Molinas (Pellegrini 937), quienes se acerquen podr\u00e1n apreciar \u201ccosas muy interesantes como el sable de lat\u00f3n que se utiliz\u00f3 en el combate de San Lorenzo, una empu\u00f1adura de sable, una serie de banderas, de cuadros relativos al General, el morri\u00f3n de Granaderos, el regimiento que cre\u00f3 San Mart\u00edn, adem\u00e1s de una serie de monedas y billetes relacionados a su figura a trav\u00e9s de la historia\u201d, detall\u00f3 Miguel Recupero, presidente del Instituto Sanmartiniano.<br>\u00a0<br>Adem\u00e1s, destac\u00f3 el trabajo mancomunado que desde el Instituto se lleva adelante con la Municipalidad capitalina. \u201cCon este apoyo todos estos eventos pueden tener una trascendencia y una difusi\u00f3n mucho mayor; puesto que consideramos que es deber, en forma permanente, estar rindi\u00e9ndole culto a los padres fundadores y conocer a San Mart\u00edn\u201d, resalt\u00f3.<br>\u00a0<br>\u201cGeneralmente uno no se enamora de las cosas si no las conoce y creo que contribuimos a que veamos nuestras ra\u00edces, porque San Mart\u00edn es presente, no est\u00e1 apoltronado en los libros de historia. Si uno lo descubre puede extraer muchas cosas, el problema que tenemos es que muchos hablamos de \u00e9l, pocos lo conocemos y casi nadie lo imita, lamentablemente\u201d, analiz\u00f3 Recupero.<br>\u00a0<br>SU IMAGEN EN EL COLECCIONISMO<br>\u00a0<br>Por su parte, Rolando Renato Testolino, presidente de la Asociaci\u00f3n Filat\u00e9lica y Numism\u00e1tica Correntina (Asfynco) se\u00f1al\u00f3 que \u201cdesde nuestro espacio quisimos hacer un peque\u00f1o homenaje al General, destacando su imagen en el coleccionismo\u201d.<br>\u00a0<br>\u201cHay muchos elementos de la vida cotidiana o de uso habitual, que por ah\u00ed no nos damos cuenta que tienen su imagen, ya sean estampillas de cartas, que antes se trataba mucho por esa correspondencia la comunicaci\u00f3n, las monedas, los billetes y tambi\u00e9n algunas medallas\u201d, detall\u00f3.<br>\u00a0<br>\u201cEspero que disfruten de la muestra que estar\u00e1 abierta hasta el 4 de marzo con entrada libre y gratuita, donde no solamente van a encontrar elementos nacionales, por ejemplo estampillas que han sido emitidas en el extranjero, que uno no se imagina que el General pudo haber estado retratado en otros pa\u00edses, para que puedan apreciar su inmensidad y que ha trascendido las fronteras\u201d, resalt\u00f3 Testolino.<br>\u00a0<br>Por su parte, Juana S\u00e1nchez de Moreno, visiblemente emocionada por el homenaje post mortem que recibi\u00f3 su esposo, expres\u00f3: \u201cEs el primer encuentro que se hace sin Gaspar Moreno de presidente\u201d, dijo con la voz quebrada. \u201cAgradezco a todos los que nos acompa\u00f1aron en este lugar valios\u00edsimo como Casa Molinas, donde \u00e9l siempre trajo sus colecciones, un trabajo de a\u00f1os, pr\u00e1cticamente desde su ni\u00f1ez que ha juntado eso\u201d.<br>\u00a0<br>La apertura de la muestra finaliz\u00f3 con la actuaci\u00f3n del taller folkl\u00f3rico Ra\u00edces Nuestras, a cargo del profesor Emilio S\u00e1nchez.<br>\u00a0<br>CRONOGRAMA<br>\u00a0<br>En Casa Molinas, el mi\u00e9rcoles 28, a las 19.30, se desarrollar\u00e1 la charla \u201cRedescubriendo al Libertador\u201d, a cargo del Dr. Enrique Deniri y el coronel Miguel Recupero.<br>\u00a0<br>Luego, a las 20.30, \u201cLa imagen de San Mart\u00edn en el coleccionismo\u201d, a cargo de Asfynco, con Javier Guillermo Pons como invitado especial.<\/p>\n\n\n\n<figure class=\"wp-block-image size-large\"><img loading=\"lazy\" decoding=\"async\" width=\"1024\" height=\"672\" src=\"https:\/\/corrientesdetarde.com\/wp-content\/uploads\/2024\/02\/image-404-1024x672.png\" alt=\"\" class=\"wp-image-127697\" srcset=\"https:\/\/corrientesdetarde.com\/wp-content\/uploads\/2024\/02\/image-404-1024x672.png 1024w, https:\/\/corrientesdetarde.com\/wp-content\/uploads\/2024\/02\/image-404-300x197.png 300w, https:\/\/corrientesdetarde.com\/wp-content\/uploads\/2024\/02\/image-404-768x504.png 768w, https:\/\/corrientesdetarde.com\/wp-content\/uploads\/2024\/02\/image-404.png 1242w\" sizes=\"auto, (max-width: 1024px) 100vw, 1024px\" \/><\/figure>\n\n\n\n<figure class=\"wp-block-image size-large\"><img loading=\"lazy\" decoding=\"async\" width=\"1024\" height=\"671\" src=\"https:\/\/corrientesdetarde.com\/wp-content\/uploads\/2024\/02\/image-405-1024x671.png\" alt=\"\" class=\"wp-image-127698\" srcset=\"https:\/\/corrientesdetarde.com\/wp-content\/uploads\/2024\/02\/image-405-1024x671.png 1024w, https:\/\/corrientesdetarde.com\/wp-content\/uploads\/2024\/02\/image-405-300x197.png 300w, https:\/\/corrientesdetarde.com\/wp-content\/uploads\/2024\/02\/image-405-768x503.png 768w, https:\/\/corrientesdetarde.com\/wp-content\/uploads\/2024\/02\/image-405.png 1262w\" sizes=\"auto, (max-width: 1024px) 100vw, 1024px\" \/><\/figure>\n\n\n\n<figure class=\"wp-block-image size-large\"><img loading=\"lazy\" decoding=\"async\" width=\"1024\" height=\"694\" src=\"https:\/\/corrientesdetarde.com\/wp-content\/uploads\/2024\/02\/image-406-1024x694.png\" alt=\"\" class=\"wp-image-127699\" srcset=\"https:\/\/corrientesdetarde.com\/wp-content\/uploads\/2024\/02\/image-406-1024x694.png 1024w, https:\/\/corrientesdetarde.com\/wp-content\/uploads\/2024\/02\/image-406-300x203.png 300w, https:\/\/corrientesdetarde.com\/wp-content\/uploads\/2024\/02\/image-406-768x520.png 768w, https:\/\/corrientesdetarde.com\/wp-content\/uploads\/2024\/02\/image-406.png 1252w\" sizes=\"auto, (max-width: 1024px) 100vw, 1024px\" \/><\/figure>\n\n\n\n<figure class=\"wp-block-image size-large\"><img loading=\"lazy\" decoding=\"async\" width=\"1024\" height=\"687\" src=\"https:\/\/corrientesdetarde.com\/wp-content\/uploads\/2024\/02\/image-407-1024x687.png\" alt=\"\" class=\"wp-image-127700\" srcset=\"https:\/\/corrientesdetarde.com\/wp-content\/uploads\/2024\/02\/image-407-1024x687.png 1024w, https:\/\/corrientesdetarde.com\/wp-content\/uploads\/2024\/02\/image-407-300x201.png 300w, https:\/\/corrientesdetarde.com\/wp-content\/uploads\/2024\/02\/image-407-768x515.png 768w, https:\/\/corrientesdetarde.com\/wp-content\/uploads\/2024\/02\/image-407.png 1260w\" sizes=\"auto, (max-width: 1024px) 100vw, 1024px\" \/><\/figure>\n\n\n\n<figure class=\"wp-block-image size-large\"><img loading=\"lazy\" decoding=\"async\" width=\"1024\" height=\"679\" src=\"https:\/\/corrientesdetarde.com\/wp-content\/uploads\/2024\/02\/image-408-1024x679.png\" alt=\"\" class=\"wp-image-127701\" srcset=\"https:\/\/corrientesdetarde.com\/wp-content\/uploads\/2024\/02\/image-408-1024x679.png 1024w, https:\/\/corrientesdetarde.com\/wp-content\/uploads\/2024\/02\/image-408-300x199.png 300w, https:\/\/corrientesdetarde.com\/wp-content\/uploads\/2024\/02\/image-408-768x509.png 768w, https:\/\/corrientesdetarde.com\/wp-content\/uploads\/2024\/02\/image-408.png 1260w\" sizes=\"auto, (max-width: 1024px) 100vw, 1024px\" \/><\/figure>\n\n\n\n<figure class=\"wp-block-image size-large\"><img loading=\"lazy\" decoding=\"async\" width=\"1024\" height=\"675\" src=\"https:\/\/corrientesdetarde.com\/wp-content\/uploads\/2024\/02\/image-409-1024x675.png\" alt=\"\" class=\"wp-image-127702\" srcset=\"https:\/\/corrientesdetarde.com\/wp-content\/uploads\/2024\/02\/image-409-1024x675.png 1024w, https:\/\/corrientesdetarde.com\/wp-content\/uploads\/2024\/02\/image-409-300x198.png 300w, https:\/\/corrientesdetarde.com\/wp-content\/uploads\/2024\/02\/image-409-768x506.png 768w, https:\/\/corrientesdetarde.com\/wp-content\/uploads\/2024\/02\/image-409.png 1269w\" sizes=\"auto, (max-width: 1024px) 100vw, 1024px\" \/><\/figure>\n","protected":false},"excerpt":{"rendered":"<p>En Casa Molinas, la Municipalidad habilit\u00f3 una muestra de billetes, monedas y estampillas con la imagen del Padre de la Patria. Adem\u00e1s, hay elementos relacionados a su figura, como armas&hellip; <\/p>\n","protected":false},"author":4,"featured_media":127703,"comment_status":"closed","ping_status":"open","sticky":false,"template":"","format":"standard","meta":{"footnotes":""},"categories":[23,26],"tags":[],"class_list":["post-127696","post","type-post","status-publish","format-standard","has-post-thumbnail","hentry","category-actualidad","category-destacados"],"_links":{"self":[{"href":"https:\/\/corrientesdetarde.com\/index.php\/wp-json\/wp\/v2\/posts\/127696","targetHints":{"allow":["GET"]}}],"collection":[{"href":"https:\/\/corrientesdetarde.com\/index.php\/wp-json\/wp\/v2\/posts"}],"about":[{"href":"https:\/\/corrientesdetarde.com\/index.php\/wp-json\/wp\/v2\/types\/post"}],"author":[{"embeddable":true,"href":"https:\/\/corrientesdetarde.com\/index.php\/wp-json\/wp\/v2\/users\/4"}],"replies":[{"embeddable":true,"href":"https:\/\/corrientesdetarde.com\/index.php\/wp-json\/wp\/v2\/comments?post=127696"}],"version-history":[{"count":2,"href":"https:\/\/corrientesdetarde.com\/index.php\/wp-json\/wp\/v2\/posts\/127696\/revisions"}],"predecessor-version":[{"id":127705,"href":"https:\/\/corrientesdetarde.com\/index.php\/wp-json\/wp\/v2\/posts\/127696\/revisions\/127705"}],"wp:featuredmedia":[{"embeddable":true,"href":"https:\/\/corrientesdetarde.com\/index.php\/wp-json\/wp\/v2\/media\/127703"}],"wp:attachment":[{"href":"https:\/\/corrientesdetarde.com\/index.php\/wp-json\/wp\/v2\/media?parent=127696"}],"wp:term":[{"taxonomy":"category","embeddable":true,"href":"https:\/\/corrientesdetarde.com\/index.php\/wp-json\/wp\/v2\/categories?post=127696"},{"taxonomy":"post_tag","embeddable":true,"href":"https:\/\/corrientesdetarde.com\/index.php\/wp-json\/wp\/v2\/tags?post=127696"}],"curies":[{"name":"wp","href":"https:\/\/api.w.org\/{rel}","templated":true}]}}