{"id":127711,"date":"2024-02-23T23:13:44","date_gmt":"2024-02-24T02:13:44","guid":{"rendered":"https:\/\/corrientesdetarde.com\/?p=127711"},"modified":"2024-02-23T23:14:10","modified_gmt":"2024-02-24T02:14:10","slug":"abren-sus-puertas-los-cdi-provinciales-desde-este-lunes-26","status":"publish","type":"post","link":"https:\/\/corrientesdetarde.com\/index.php\/actualidad\/abren-sus-puertas-los-cdi-provinciales-desde-este-lunes-26\/","title":{"rendered":"Abren sus puertas los CDI Provinciales desde este lunes 26"},"content":{"rendered":"\n<p>Desde este lunes 26 de febrero, reinician sus actividades los Centros de Desarrollo Infantil dependientes del Ministerio de Desarrollo Social, en toda la provincia.<br>34 Centros de Desarrollo Infantil con la asistencia de m\u00e1s de 5000 ni\u00f1os en toda la provincia y cada instituci\u00f3n \u00a0informar\u00e1 como se implementar\u00e1 este proceso.<br>En este marco, el director de los Derechos de la Ni\u00f1ez y la Familia, Manuel Santamar\u00eda, y su equipo t\u00e9cnico se reuni\u00f3 este mi\u00e9rcoles 21 con los directivos de los 17 CDI de Capital para coordinar las actividades del a\u00f1o 2024.<br>Los Centros de Desarrollo Infantil brindan atenci\u00f3n a ni\u00f1os de 45 d\u00edas a 4 a\u00f1os, a quienes proporcionan alimentaci\u00f3n, educaci\u00f3n y socializaci\u00f3n mientras sus padres trabajan o estudian, cada a\u00f1o es mayor la demanda de estas instituciones por la calidad de servicio que ofrecen y por qu\u00e9 se han transformados en espacios necesarios para el desarrollo integral infantil.<\/p>\n","protected":false},"excerpt":{"rendered":"<p>Desde este lunes 26 de febrero, reinician sus actividades los Centros de Desarrollo Infantil dependientes del Ministerio de Desarrollo Social, en toda la provincia.34 Centros de Desarrollo Infantil con la&hellip; <\/p>\n","protected":false},"author":4,"featured_media":127712,"comment_status":"closed","ping_status":"open","sticky":false,"template":"","format":"standard","meta":{"footnotes":""},"categories":[23,32],"tags":[],"class_list":["post-127711","post","type-post","status-publish","format-standard","has-post-thumbnail","hentry","category-actualidad","category-educacion"],"_links":{"self":[{"href":"https:\/\/corrientesdetarde.com\/index.php\/wp-json\/wp\/v2\/posts\/127711","targetHints":{"allow":["GET"]}}],"collection":[{"href":"https:\/\/corrientesdetarde.com\/index.php\/wp-json\/wp\/v2\/posts"}],"about":[{"href":"https:\/\/corrientesdetarde.com\/index.php\/wp-json\/wp\/v2\/types\/post"}],"author":[{"embeddable":true,"href":"https:\/\/corrientesdetarde.com\/index.php\/wp-json\/wp\/v2\/users\/4"}],"replies":[{"embeddable":true,"href":"https:\/\/corrientesdetarde.com\/index.php\/wp-json\/wp\/v2\/comments?post=127711"}],"version-history":[{"count":1,"href":"https:\/\/corrientesdetarde.com\/index.php\/wp-json\/wp\/v2\/posts\/127711\/revisions"}],"predecessor-version":[{"id":127713,"href":"https:\/\/corrientesdetarde.com\/index.php\/wp-json\/wp\/v2\/posts\/127711\/revisions\/127713"}],"wp:featuredmedia":[{"embeddable":true,"href":"https:\/\/corrientesdetarde.com\/index.php\/wp-json\/wp\/v2\/media\/127712"}],"wp:attachment":[{"href":"https:\/\/corrientesdetarde.com\/index.php\/wp-json\/wp\/v2\/media?parent=127711"}],"wp:term":[{"taxonomy":"category","embeddable":true,"href":"https:\/\/corrientesdetarde.com\/index.php\/wp-json\/wp\/v2\/categories?post=127711"},{"taxonomy":"post_tag","embeddable":true,"href":"https:\/\/corrientesdetarde.com\/index.php\/wp-json\/wp\/v2\/tags?post=127711"}],"curies":[{"name":"wp","href":"https:\/\/api.w.org\/{rel}","templated":true}]}}