{"id":12773,"date":"2022-10-19T21:25:48","date_gmt":"2022-10-20T00:25:48","guid":{"rendered":"https:\/\/corrientesdetarde.com\/?p=12773"},"modified":"2022-10-19T21:25:51","modified_gmt":"2022-10-20T00:25:51","slug":"en-el-bo-canada-quiroz-se-sumaron-a-la-charla-motivacional","status":"publish","type":"post","link":"https:\/\/corrientesdetarde.com\/index.php\/sociales\/en-el-bo-canada-quiroz-se-sumaron-a-la-charla-motivacional\/","title":{"rendered":"En el B\u00ba Ca\u00f1ada Quiroz se sumaron a la Charla motivacional"},"content":{"rendered":"\n<p><strong>Dando continuidad a&nbsp;las Charlas motivacionales,&nbsp;el Ministerio de Desarrollo Social de la provincia&nbsp;llev\u00f3 a cabo otra jornada de Capacitaci\u00f3n de Promoci\u00f3n Humana y Social,&nbsp;este mi\u00e9rcoles 19, por la ma\u00f1ana, en el B\u00ba Ca\u00f1ada Quiroz.<\/strong><\/p>\n\n\n\n<p><strong>La Charla se realiz\u00f3&nbsp;en Avda. Alejo Rueda al 1100, organizada por&nbsp;la&nbsp;Subsecretar\u00eda de Desarrollo Humano e Igualdad a cargo de la Lic. Gabriela Castro&nbsp;este mi\u00e9rcoles 19 por la ma\u00f1ana<\/strong><\/p>\n\n\n\n<p><strong>La Subsecretaria Lic. Castro acompa\u00f1\u00f3 la jornada, el&nbsp;gran orador de estas charlas es&nbsp;el&nbsp;&nbsp;Mgter. Alejandro Bottini&nbsp;quien despliega&nbsp;&nbsp;sus contenidos&nbsp;con gran dinamismo e interacci\u00f3n con el p\u00fablico. La Charla se llev\u00f3 a cabo&nbsp;en dos grupos, uno destinado a los adultos&nbsp;y&nbsp;otro \u201cVos podes ser un S\u00faper H\u00e9roe\u201d&nbsp;para los ni\u00f1os.<\/strong><\/p>\n\n\n\n<p><strong>Luego de la capacitaci\u00f3n se comparti\u00f3 una rica merienda&nbsp;y se realizaron sorteos. Tambi\u00e9n un equipo de t\u00e9cnicos fue&nbsp;registrando las inquietudes y necesidades&nbsp;de las familias, para luego realizar una intervenci\u00f3n adecuada en cada caso.&nbsp;<\/strong><\/p>\n\n\n\n<p><strong>Los encuentros se realizan en un domicilio particular y desde all\u00ed se convoca a los vecinos para compartir una jornada divertida y el firme prop\u00f3sito de potenciar el interior de las personas, fortaleci\u00e9ndolas con mensajes positivos y herramientas para enfrentar cada situaci\u00f3n que nos toca&nbsp;en nuestra vida cotidiana con optimismo y fe de que se puede salir de cualquier situaci\u00f3n por m\u00e1s compleja que parezca.<\/strong><\/p>\n","protected":false},"excerpt":{"rendered":"<p>Dando continuidad a&nbsp;las Charlas motivacionales,&nbsp;el Ministerio de Desarrollo Social de la provincia&nbsp;llev\u00f3 a cabo otra jornada de Capacitaci\u00f3n de Promoci\u00f3n Humana y Social,&nbsp;este mi\u00e9rcoles 19, por la ma\u00f1ana, en el&hellip; <\/p>\n","protected":false},"author":1,"featured_media":12774,"comment_status":"closed","ping_status":"open","sticky":false,"template":"","format":"standard","meta":{"footnotes":""},"categories":[17],"tags":[],"class_list":["post-12773","post","type-post","status-publish","format-standard","has-post-thumbnail","hentry","category-sociales"],"_links":{"self":[{"href":"https:\/\/corrientesdetarde.com\/index.php\/wp-json\/wp\/v2\/posts\/12773","targetHints":{"allow":["GET"]}}],"collection":[{"href":"https:\/\/corrientesdetarde.com\/index.php\/wp-json\/wp\/v2\/posts"}],"about":[{"href":"https:\/\/corrientesdetarde.com\/index.php\/wp-json\/wp\/v2\/types\/post"}],"author":[{"embeddable":true,"href":"https:\/\/corrientesdetarde.com\/index.php\/wp-json\/wp\/v2\/users\/1"}],"replies":[{"embeddable":true,"href":"https:\/\/corrientesdetarde.com\/index.php\/wp-json\/wp\/v2\/comments?post=12773"}],"version-history":[{"count":1,"href":"https:\/\/corrientesdetarde.com\/index.php\/wp-json\/wp\/v2\/posts\/12773\/revisions"}],"predecessor-version":[{"id":12775,"href":"https:\/\/corrientesdetarde.com\/index.php\/wp-json\/wp\/v2\/posts\/12773\/revisions\/12775"}],"wp:featuredmedia":[{"embeddable":true,"href":"https:\/\/corrientesdetarde.com\/index.php\/wp-json\/wp\/v2\/media\/12774"}],"wp:attachment":[{"href":"https:\/\/corrientesdetarde.com\/index.php\/wp-json\/wp\/v2\/media?parent=12773"}],"wp:term":[{"taxonomy":"category","embeddable":true,"href":"https:\/\/corrientesdetarde.com\/index.php\/wp-json\/wp\/v2\/categories?post=12773"},{"taxonomy":"post_tag","embeddable":true,"href":"https:\/\/corrientesdetarde.com\/index.php\/wp-json\/wp\/v2\/tags?post=12773"}],"curies":[{"name":"wp","href":"https:\/\/api.w.org\/{rel}","templated":true}]}}