{"id":12776,"date":"2022-10-19T21:28:00","date_gmt":"2022-10-20T00:28:00","guid":{"rendered":"https:\/\/corrientesdetarde.com\/?p=12776"},"modified":"2022-10-19T21:28:03","modified_gmt":"2022-10-20T00:28:03","slug":"senado-avanza-un-proyecto-para-tipificar-la-compra-venta-de-bebes","status":"publish","type":"post","link":"https:\/\/corrientesdetarde.com\/index.php\/politica\/senado-avanza-un-proyecto-para-tipificar-la-compra-venta-de-bebes\/","title":{"rendered":"Senado: avanza un proyecto para tipificar la compra-venta de beb\u00e9s"},"content":{"rendered":"\n<p>En un encuentro de la Comisi\u00f3n de Justicia y Asuntos Penales del Senado de la Naci\u00f3n expusieron un padre damnificado, su abogada y la Defensora de los Derechos de las Ni\u00f1as, Ni\u00f1os y Adolescentes, Marisa Graham.<\/p>\n\n\n\n<p>El proyecto para tipificar la compra-venta de beb\u00e9s tuvo respaldo de los tres exponentes, es impulsado por el Poder Ejecutivo Nacional.<\/p>\n\n\n\n<p>Adem\u00e1s de la funcionaria&nbsp;<strong>Marisa Graham<\/strong>, el actor y damnificado en una causa internacional&nbsp;<strong>Leonardo Forner\u00f3n<\/strong>&nbsp;explic\u00f3 con detalles su historia, por la que es impedido de estar con su hija biol\u00f3gica, y su abogada&nbsp;<strong>Margarita Nicoliche<\/strong>.<\/p>\n\n\n\n<h3 class=\"wp-block-heading\">Dictamen<\/h3>\n\n\n\n<p>Al cabo del tratamiento del tema en la reuni\u00f3n presidida por el senador por Neuqu\u00e9n,&nbsp;<strong>Oscar Parrilli<\/strong>&nbsp;(Unidad Ciudadana), el mismo inform\u00f3 que se pasaba a la firma el dictamen para que el tema pueda llegar a ser tratado en el recinto de sesiones a la brevedad.<\/p>\n\n\n\n<p>Inicialmente,&nbsp;Graham celebr\u00f3 que \u201cpor primera vez en la Argentina, despu\u00e9s de tantos a\u00f1os, se hayan propuesto por fin tipificar la conducta de compra-venta de ni\u00f1os, y en particular a la compra-venta de ni\u00f1os con fines de adopci\u00f3n irregular e ilegal\u00bb.<\/p>\n\n\n\n<p>\u201cLa compra-venta de ni\u00f1os ha sido un delito que se viene cometiendo desde hace much\u00edsimos a\u00f1os\u201d, enfatiz\u00f3 Graham antes de sostener que \u201cnecesitamos esta norma\u201d puesta en consideraci\u00f3n.<\/p>\n\n\n\n<h3 class=\"wp-block-heading\">El caso Forner\u00f3n<\/h3>\n\n\n\n<p>La funcionaria lament\u00f3 que \u201cel Estado argentino no tuvo defensa en el caso Forner\u00f3n\u201d en el que la Corte Interamericana de Derechos emiti\u00f3 una condena contra el Estado argentino, a la vez que solicit\u00f3 que \u201cla Argentina tipifique el delito de compra-venta de ni\u00f1os con fines de adopci\u00f3n\u201d.<\/p>\n\n\n\n<p>Advirti\u00f3 que en la actualidad \u201cno est\u00e1 tipificado el delito de compra-venta o transacci\u00f3n gratuita\u201d y fue categ\u00f3rica en recalcar que \u201chay cientos, y cientos de casos no solo en adopci\u00f3n, sino tambi\u00e9n en ni\u00f1os y reci\u00e9n nacidos que son adoptados en otros pa\u00edses o, al rev\u00e9s, adoptados en otros pa\u00edses y llegan a la Argentina\u201d<\/p>\n\n\n\n<p>Graham abog\u00f3 para que \u201cpor favor salga este proyecto lo antes posible y despu\u00e9s otro que ampl\u00ede el delito de trata con fines de adopci\u00f3n\u201d&nbsp;y adem\u00e1s pidi\u00f3 que \u201ccumplamos con la sentencia que conden\u00f3 al Estado argentino, y que hagamos lo imposible para que no volvamos a tener otra condena\u201d.<\/p>\n\n\n\n<h3 class=\"wp-block-heading\">Testimonio<\/h3>\n\n\n\n<p>Luego, Leonardo Forner\u00f3n brind\u00f3 con precisi\u00f3n la situaci\u00f3n que atraviesa desde hace \u201c22 a\u00f1os y cuatro meses\u201d, cuando naci\u00f3 su hija biol\u00f3gica Milagros, a la que siempre quiso criar, y que por decisiones de la Justicia nunca pudo tener a su lado.<\/p>\n\n\n\n<p>Quebrado y llorando, el padre entrerriano les inform\u00f3 a los legisladores lo que tuvo que padecer desde el momento en que&nbsp;la madre de la ni\u00f1a la cedi\u00f3 en adopci\u00f3n a pocos d\u00edas de su nacimiento, a una familia instalada en la ciudad bonaerense de Baradero.<\/p>\n\n\n\n<p>Ferner\u00f3n puntualiz\u00f3 que tras someterse a pruebas de ADN, que establecieron que era el padre de Milagros, pidi\u00f3 la tenencia de la ni\u00f1a pero la Justicia se la deneg\u00f3 argumentando que su situaci\u00f3n econ\u00f3mica no era la adecuada para tenerla.<\/p>\n\n\n\n<p>Tambi\u00e9n record\u00f3 que su madre, abuela de la nena, se ofreci\u00f3 para tener a su lado a Milagros pero tambi\u00e9n rechazaron esa propuesta y en consecuencia \u201chasta el d\u00eda de hoy no la conoce personalmente\u201d.<\/p>\n\n\n\n<p>\u201cHoy no tengo v\u00ednculo con mi hija.&nbsp;Desde que es mayor de edad me pidi\u00f3 tiempo. Hace 22 a\u00f1os y cuatro meses que estoy esperando el juicio por los responsables de que mi hija hoy no est\u00e9 conmigo. La sigo esperando y quiero tener a mi hija para criarla\u201d, concluy\u00f3 Forner\u00f3n, quien adem\u00e1s tiene otros cuatro hijos \u201cque saben que tienen una hermana y esperan que alg\u00fan d\u00eda Milagros vuelve al lugar de donde nunca tuvo que salir\u201d.<\/p>\n\n\n\n<p>Posteriormente la abogada Nicoliche aclar\u00f3 que&nbsp;\u201cpara nosotros no ha sido un honor que condenen al pueblo argentino pero si nos da satisfacci\u00f3n poner en la discusi\u00f3n p\u00fablica las pol\u00edticas p\u00fablicas respecto a la ni\u00f1ez, porque esto pasa en cualquier provincia y lo debemos detener de manera definitiva\u201d.&nbsp;<\/p>\n\n\n\n<p>Al cabo del tratamiento del tema referido al delito de compra-venta de reci\u00e9n nacidos, el senador por R\u00edo Negro, Mart\u00edn Do\u00f1ate, explic\u00f3 los detalles de su proyecto de ley referido al traslado de jueces, de una jurisdicci\u00f3n judicial a otra.<\/p>\n","protected":false},"excerpt":{"rendered":"<p>En un encuentro de la Comisi\u00f3n de Justicia y Asuntos Penales del Senado de la Naci\u00f3n expusieron un padre damnificado, su abogada y la Defensora de los Derechos de las&hellip; <\/p>\n","protected":false},"author":1,"featured_media":12777,"comment_status":"closed","ping_status":"open","sticky":false,"template":"","format":"standard","meta":{"footnotes":""},"categories":[3],"tags":[],"class_list":["post-12776","post","type-post","status-publish","format-standard","has-post-thumbnail","hentry","category-politica"],"_links":{"self":[{"href":"https:\/\/corrientesdetarde.com\/index.php\/wp-json\/wp\/v2\/posts\/12776","targetHints":{"allow":["GET"]}}],"collection":[{"href":"https:\/\/corrientesdetarde.com\/index.php\/wp-json\/wp\/v2\/posts"}],"about":[{"href":"https:\/\/corrientesdetarde.com\/index.php\/wp-json\/wp\/v2\/types\/post"}],"author":[{"embeddable":true,"href":"https:\/\/corrientesdetarde.com\/index.php\/wp-json\/wp\/v2\/users\/1"}],"replies":[{"embeddable":true,"href":"https:\/\/corrientesdetarde.com\/index.php\/wp-json\/wp\/v2\/comments?post=12776"}],"version-history":[{"count":1,"href":"https:\/\/corrientesdetarde.com\/index.php\/wp-json\/wp\/v2\/posts\/12776\/revisions"}],"predecessor-version":[{"id":12778,"href":"https:\/\/corrientesdetarde.com\/index.php\/wp-json\/wp\/v2\/posts\/12776\/revisions\/12778"}],"wp:featuredmedia":[{"embeddable":true,"href":"https:\/\/corrientesdetarde.com\/index.php\/wp-json\/wp\/v2\/media\/12777"}],"wp:attachment":[{"href":"https:\/\/corrientesdetarde.com\/index.php\/wp-json\/wp\/v2\/media?parent=12776"}],"wp:term":[{"taxonomy":"category","embeddable":true,"href":"https:\/\/corrientesdetarde.com\/index.php\/wp-json\/wp\/v2\/categories?post=12776"},{"taxonomy":"post_tag","embeddable":true,"href":"https:\/\/corrientesdetarde.com\/index.php\/wp-json\/wp\/v2\/tags?post=12776"}],"curies":[{"name":"wp","href":"https:\/\/api.w.org\/{rel}","templated":true}]}}