{"id":127845,"date":"2024-02-24T17:00:27","date_gmt":"2024-02-24T20:00:27","guid":{"rendered":"https:\/\/corrientesdetarde.com\/?p=127845"},"modified":"2024-02-24T22:43:14","modified_gmt":"2024-02-25T01:43:14","slug":"llego-la-vicepresidenta-de-la-nacion-a-corrientes","status":"publish","type":"post","link":"https:\/\/corrientesdetarde.com\/index.php\/politica\/llego-la-vicepresidenta-de-la-nacion-a-corrientes\/","title":{"rendered":"Lleg\u00f3 la vicepresidente de la Naci\u00f3n a Corrientes"},"content":{"rendered":"\n<p>La funcionara arribo a la ciudad correntina en horas de este s\u00e1bado.\u00a0<\/p>\n\n\n\n<p>La vicepresidenta de la Naci\u00f3n, &nbsp;Victoria Villarruel lleg\u00f3 este s\u00e1bado a Corrientes &nbsp;para participar del aniversario 246\u00b0 del natalicio de Jos\u00e9 de San Mart\u00edn.&nbsp;<\/p>\n\n\n\n<p>Victoria Villarruel arrib\u00f3 en horas de este s\u00e1bado al aeropuerto Fernando Piragine Niveyro, lugar donde fue recibida por gobernador Gustavo Vald\u00e9s.&nbsp;<\/p>\n\n\n\n<p>De esta manera, la funcionara se trasladar\u00e1 a la localidad correntina de Yapey\u00fa, donde ma\u00f1ana participara\u00a0de los actos centrales por el\u00a0aniversario 246\u00b0 del\u00a0General Jos\u00e9 Francisco de San Mart\u00edn.<\/p>\n\n\n\n<figure class=\"wp-block-image\"><img decoding=\"async\" src=\"https:\/\/pxc.cdn.ellitoral.com.ar\/litoral\/022024\/1708804315587\/WhatsApp%20Image%202024-02-24%20at%2016.46.37.webp?cw=843&amp;ch=1500&amp;extw=jpeg\" alt=\"Lleg\u00f3 la vicepresidenta de la Naci\u00f3n a Corrientes \"\/><\/figure>\n","protected":false},"excerpt":{"rendered":"<p>La funcionara arribo a la ciudad correntina en horas de este s\u00e1bado.\u00a0 La vicepresidenta de la Naci\u00f3n, &nbsp;Victoria Villarruel lleg\u00f3 este s\u00e1bado a Corrientes &nbsp;para participar del aniversario 246\u00b0 del&hellip; <\/p>\n","protected":false},"author":3,"featured_media":127851,"comment_status":"closed","ping_status":"open","sticky":false,"template":"","format":"standard","meta":{"footnotes":""},"categories":[3],"tags":[],"class_list":["post-127845","post","type-post","status-publish","format-standard","has-post-thumbnail","hentry","category-politica"],"_links":{"self":[{"href":"https:\/\/corrientesdetarde.com\/index.php\/wp-json\/wp\/v2\/posts\/127845","targetHints":{"allow":["GET"]}}],"collection":[{"href":"https:\/\/corrientesdetarde.com\/index.php\/wp-json\/wp\/v2\/posts"}],"about":[{"href":"https:\/\/corrientesdetarde.com\/index.php\/wp-json\/wp\/v2\/types\/post"}],"author":[{"embeddable":true,"href":"https:\/\/corrientesdetarde.com\/index.php\/wp-json\/wp\/v2\/users\/3"}],"replies":[{"embeddable":true,"href":"https:\/\/corrientesdetarde.com\/index.php\/wp-json\/wp\/v2\/comments?post=127845"}],"version-history":[{"count":2,"href":"https:\/\/corrientesdetarde.com\/index.php\/wp-json\/wp\/v2\/posts\/127845\/revisions"}],"predecessor-version":[{"id":127907,"href":"https:\/\/corrientesdetarde.com\/index.php\/wp-json\/wp\/v2\/posts\/127845\/revisions\/127907"}],"wp:featuredmedia":[{"embeddable":true,"href":"https:\/\/corrientesdetarde.com\/index.php\/wp-json\/wp\/v2\/media\/127851"}],"wp:attachment":[{"href":"https:\/\/corrientesdetarde.com\/index.php\/wp-json\/wp\/v2\/media?parent=127845"}],"wp:term":[{"taxonomy":"category","embeddable":true,"href":"https:\/\/corrientesdetarde.com\/index.php\/wp-json\/wp\/v2\/categories?post=127845"},{"taxonomy":"post_tag","embeddable":true,"href":"https:\/\/corrientesdetarde.com\/index.php\/wp-json\/wp\/v2\/tags?post=127845"}],"curies":[{"name":"wp","href":"https:\/\/api.w.org\/{rel}","templated":true}]}}