{"id":127865,"date":"2024-02-24T18:01:36","date_gmt":"2024-02-24T21:01:36","guid":{"rendered":"https:\/\/corrientesdetarde.com\/?p=127865"},"modified":"2024-02-24T18:01:37","modified_gmt":"2024-02-24T21:01:37","slug":"ultiman-detalles-para-la-feria-internacional-del-libro","status":"publish","type":"post","link":"https:\/\/corrientesdetarde.com\/index.php\/cultura\/ultiman-detalles-para-la-feria-internacional-del-libro\/","title":{"rendered":"Ultiman detalles para la Feria Internacional del libro"},"content":{"rendered":"\n<p>Con un stand institucional, Corrientes volver\u00e1 a estar presente en la Feria Internacional del Libro de Buenos Aires que tendr\u00e1 lugar del 25 de abril al 13 de mayo en la Rural de Palermo (Buenos Aires). Para ultimar detalles de esta actividad, el presidente del Instituto de Cultura de Corrientes Gabriel Romero y directores de Cultura de distintos municipios de la provincia mantuvieron una reuni\u00f3n virtual.<\/p>\n\n\n\n<p>La intenci\u00f3n del Instituto de Cultura es volver a marcar una fuerte presencia en la feria m\u00e1s grande y convocante del pa\u00eds y para ello, invita a escritores y editoriales a formar parte de esta muestra que se desarrollar\u00e1 del 25 de abril al 13 de mayo de 2024 en el predio ferial La Rural en el barrio porte\u00f1o de Palermo.<\/p>\n\n\n\n<p>Participaron de la reuni\u00f3n los responsables del \u00e1rea de Cultura de los municipios de Esquina, Colonia Pando, Goya, Monte Caseros, Ituzaing\u00f3, San Miguel, Riachuelo, Ca\u00e1 Cat\u00ed, San Carlos, San Roque, Santa Rosa, Chavarr\u00eda, Carlos Pellegrini, Santa Lucia y en representaci\u00f3n del Instituto de Cultura, el equipo de la Direcci\u00f3n de Industrias y Producciones Culturales, \u00e1rea que coordina la participaci\u00f3n de la provincia en la Feria Internacional del Libro en Buenos Aires.<\/p>\n\n\n\n<p>Stand: &#8220;Av\u00edo del alma&#8221;<\/p>\n\n\n\n<p>Corrientes estar\u00e1 presente en la Feria Internacional del Libro de Buenos Aires, consolid\u00e1ndose como un referente literario. Acompa\u00f1ando a la tem\u00e1tica de la 34\u00aa Fiesta Nacional del Chamam\u00e9, el stand institucional llevar\u00e1 el lema &#8220;Av\u00edo del alma&#8221;, en un homenaje a Juli\u00e1n Zini y a todos los escritores y hacedores que dan cuenta de lo profundo y sagrado de la identidad correntina y la cosmovisi\u00f3n local.<\/p>\n\n\n\n<p>\u201cSer\u00e1 un homenaje a nuestros escritores, pasados y presentes que, de alguna manera, han alimentado nuestro av\u00edo del alma: aquello que guardamos celosamente en nuestro ser\u201d, destac\u00f3 Gabriel Romero, presidente del Instituto de Cultura y puso como ejemplo a las creencias y mitos, la poes\u00eda y el chamam\u00e9, las leyendas y cuentos de tradici\u00f3n popular.&nbsp;<\/p>\n\n\n\n<p>Participaci\u00f3n<\/p>\n\n\n\n<p>Los autores interesados en participar tendr\u00e1n tiempo hasta el 6 de abril para completar el formulario correspondiente y acercar sus obras.<\/p>\n\n\n\n<p>Una vez completado el formulario de exhibici\u00f3n y ventas, se pueden entregar hasta cinco ejemplares por cada t\u00edtulo editado en la Direcci\u00f3n de Industrias y Producciones Culturales del Instituto de Cultura, San Juan 546, de lunes a viernes, de 08 a 12:30. Por consultas escribir a industriasculturalesctes@gmail.com<\/p>\n","protected":false},"excerpt":{"rendered":"<p>Con un stand institucional, Corrientes volver\u00e1 a estar presente en la Feria Internacional del Libro de Buenos Aires que tendr\u00e1 lugar del 25 de abril al 13 de mayo en&hellip; <\/p>\n","protected":false},"author":3,"featured_media":127871,"comment_status":"closed","ping_status":"open","sticky":false,"template":"","format":"standard","meta":{"footnotes":""},"categories":[15],"tags":[],"class_list":["post-127865","post","type-post","status-publish","format-standard","has-post-thumbnail","hentry","category-cultura"],"_links":{"self":[{"href":"https:\/\/corrientesdetarde.com\/index.php\/wp-json\/wp\/v2\/posts\/127865","targetHints":{"allow":["GET"]}}],"collection":[{"href":"https:\/\/corrientesdetarde.com\/index.php\/wp-json\/wp\/v2\/posts"}],"about":[{"href":"https:\/\/corrientesdetarde.com\/index.php\/wp-json\/wp\/v2\/types\/post"}],"author":[{"embeddable":true,"href":"https:\/\/corrientesdetarde.com\/index.php\/wp-json\/wp\/v2\/users\/3"}],"replies":[{"embeddable":true,"href":"https:\/\/corrientesdetarde.com\/index.php\/wp-json\/wp\/v2\/comments?post=127865"}],"version-history":[{"count":1,"href":"https:\/\/corrientesdetarde.com\/index.php\/wp-json\/wp\/v2\/posts\/127865\/revisions"}],"predecessor-version":[{"id":127897,"href":"https:\/\/corrientesdetarde.com\/index.php\/wp-json\/wp\/v2\/posts\/127865\/revisions\/127897"}],"wp:featuredmedia":[{"embeddable":true,"href":"https:\/\/corrientesdetarde.com\/index.php\/wp-json\/wp\/v2\/media\/127871"}],"wp:attachment":[{"href":"https:\/\/corrientesdetarde.com\/index.php\/wp-json\/wp\/v2\/media?parent=127865"}],"wp:term":[{"taxonomy":"category","embeddable":true,"href":"https:\/\/corrientesdetarde.com\/index.php\/wp-json\/wp\/v2\/categories?post=127865"},{"taxonomy":"post_tag","embeddable":true,"href":"https:\/\/corrientesdetarde.com\/index.php\/wp-json\/wp\/v2\/tags?post=127865"}],"curies":[{"name":"wp","href":"https:\/\/api.w.org\/{rel}","templated":true}]}}