{"id":127866,"date":"2024-02-24T18:01:44","date_gmt":"2024-02-24T21:01:44","guid":{"rendered":"https:\/\/corrientesdetarde.com\/?p=127866"},"modified":"2024-02-24T18:01:45","modified_gmt":"2024-02-24T21:01:45","slug":"correntino-aprendio-a-leer-y-escribir-a-los-56-anos-y-envio-su-primera-carta-a-su-mama","status":"publish","type":"post","link":"https:\/\/corrientesdetarde.com\/index.php\/educacion\/correntino-aprendio-a-leer-y-escribir-a-los-56-anos-y-envio-su-primera-carta-a-su-mama\/","title":{"rendered":"Correntino aprendi\u00f3 a leer y escribir a los 56 a\u00f1os y envi\u00f3 su primera carta a su mam\u00e1"},"content":{"rendered":"\n<p>El hombre es de Mburucuy\u00e1, un pueblo de Corrientes, pero se cri\u00f3 con su abuela en el campo y no fue a la escuela. Muchos a\u00f1os despu\u00e9s de haber llegado a Buenos Aires, una clienta le propuso darle clases y \u00e9l acept\u00f3. Ahora, quiere ir a la primaria.<\/p>\n\n\n\n<p>A los 56 a\u00f1os, Alberto logr\u00f3 mandarle el primer mensaje escrito a su madre: &#8220;Querida mam\u00e1. Te escribo esta carta para saludarte. Espero que est\u00e9s muy bien. Estoy aprendiendo a escribir. Te mando un beso y un abrazo. Tu hijo querido, Alberto&#8221;.<\/p>\n\n\n\n<p>Es el tercero de seis hermanos. Naci\u00f3 en Mburucuy\u00e1, un pueblo de Corrientes, pero se crio con su abuela en una peque\u00f1a chacra en el campo. Se dedic\u00f3 al orde\u00f1o y la siembra desde los seis a\u00f1os, luego trabaj\u00f3 como alba\u00f1il en el pueblo desde los 17, pero nunca fue a la escuela.<\/p>\n\n\n\n<p>Ten\u00eda 19 a\u00f1os cuando decidi\u00f3 mudarse con su hermano mayor a Buenos Aires, atra\u00eddo por las historias de la Capital. Quer\u00eda trabajar, pero no imaginaba que desprenderse del campo ser\u00eda tan dif\u00edcil.<\/p>\n\n\n\n<p>La inmensidad y el ritmo de la Ciudad lo abrumaban. &#8220;Fue duro para m\u00ed porque no me hallaba&#8221;, asegur\u00f3. Lloraba todas las noches, no pod\u00eda dormir, &#8220;extra\u00f1aba todo&#8221;. &#8220;Mi hermano sal\u00eda a trabajar y me quedaba solo. Si sal\u00eda a caminar, me perd\u00eda&#8221;, record\u00f3 Alberto en di\u00e1logo con TN.<\/p>\n\n\n\n<figure class=\"wp-block-image\"><img decoding=\"async\" src=\"https:\/\/www.diarioepoca.com\/content\/bucket\/8\/1349998w762h1343c.jpg.webp\" alt=\"\"\/><\/figure>\n\n\n\n<p>Se desorientaba porque no sab\u00eda leer, hasta que aprendi\u00f3 a ubicarse con edificios caracter\u00edsticos, como marcas en un mapa. As\u00ed logr\u00f3 volver a su pensi\u00f3n en Chile y Pichincha un d\u00eda que intent\u00f3 ir a conocer Once. &#8220;Cuando te perd\u00e9s, te empez\u00e1s a desesperar&#8221;, asegur\u00f3. Se sent\u00f3 &#8220;en un banquito, a pensar&#8221;, y al observar todo con m\u00e1s calma, logr\u00f3 recordar el camino al reconocer el reloj de la Estaci\u00f3n Once. Cuando era necesario, preguntaba, pero siempre ocult\u00f3 esta verdad.<\/p>\n\n\n\n<p>Despu\u00e9s de 15 d\u00edas del cambio de vida, su \u00e1nimo mejor\u00f3. Encontr\u00f3 el primer empleo en una pizzer\u00eda. Luego, trabaj\u00f3 en un bar y repart\u00eda la comida en las oficinas, hasta que decidi\u00f3 trabajar de manera independiente. Preparaba los s\u00e1ndwiches y el caf\u00e9 en su casa y sal\u00eda a vender en todos los comercios cercanos a su pensi\u00f3n. A eso se dedic\u00f3 por m\u00e1s de 30 a\u00f1os, y sus clientes se convirtieron en una familia m\u00e1s.<\/p>\n\n\n\n<h3 class=\"wp-block-heading\">Eugenia, su amiga y tutora<\/h3>\n\n\n\n<p>Eugenia Limeses es profesora de arte y tambi\u00e9n colabora en centros de formaci\u00f3n profesional. Ella solo conoc\u00eda a Alberto o &#8220;Mandiy\u00fa&#8221;, como lo apodaron sus compa\u00f1eros de trabajo, de saludarlo. &#8220;Era muy retra\u00eddo, ten\u00eda miedo de que le ofreci\u00e9ramos un trabajo mejor&#8221;, cont\u00f3 Eugenia.<\/p>\n\n\n\n<p>Lo ve\u00eda vender caf\u00e9 y comida en las oficinas, no sab\u00eda mucho m\u00e1s. Durante la pandemia, Alberto no pudo volver a entrar al edificio por las medidas sanitarias, pero los trabajadores le regalaron un carro y termos para vender en una esquina de la calle Entre R\u00edos, cerca del edificio. &#8220;Todos lo quieren&#8221;, remarc\u00f3 Eugenia que, como los dem\u00e1s compa\u00f1eros, siente un gran afecto por &#8220;Mandiy\u00fa&#8221;.<\/p>\n\n\n\n<p>Alberto es introvertido, pero gran parte de su timidez se deb\u00eda al miedo de que las personas supieran lo que \u00e9l no difund\u00eda. &#8220;Yo hac\u00eda lo que pod\u00eda. Capaz que algunos se daban cuenta, pero no me dec\u00edan. A nadie le dec\u00eda que no sab\u00eda leer&#8221;, cont\u00f3 Alberto. Solo logr\u00f3 aprenderse de memoria su firma y el n\u00famero de documento para poder completar los tr\u00e1mites obligatorios.<\/p>\n\n\n\n<figure class=\"wp-block-image\"><img decoding=\"async\" src=\"https:\/\/www.diarioepoca.com\/content\/bucket\/7\/1349997w762h425c.jpg.webp\" alt=\"\"\/><\/figure>\n\n\n\n<p>Siempre tuvo deseos de aprender, pero al sentirse muy mayor, no encontraba la manera de comenzar o pedir ayuda. &#8220;Me parec\u00eda muy dif\u00edcil. Hay mucha gente que no sabe leer en las provincias. All\u00e1 (en Corrientes), si no ibas al colegio, te mandaban a trabajar&#8221;, dijo.<\/p>\n\n\n\n<p>Eugenia quer\u00eda ense\u00f1arle, pero ella tampoco se atrev\u00eda a propon\u00e9rselo por temor a hacerle sentir verg\u00fcenza. Sin embargo, su vocaci\u00f3n es ense\u00f1ar y, un d\u00eda, le ofreci\u00f3 la oportunidad a Alberto y \u00e9l acept\u00f3. El primer paso fue hacerse los anteojos para leer, que pag\u00f3 gracias a la colaboraci\u00f3n de sus conocidos.<\/p>\n\n\n\n<h3 class=\"wp-block-heading\">La primera carta y un reencuentro en Corrientes<\/h3>\n\n\n\n<p>Los dos estaban enfrent\u00e1ndose a algo desconocido. Era la primera vez que Eugenia alfabetizaba a un adulto, aunque ya sab\u00eda de pedagog\u00eda por su trabajo de docente. Gracias a su creatividad, desarroll\u00f3 m\u00e9todos de ense\u00f1anza personalizados, y el esfuerzo de Alberto complet\u00f3 la f\u00f3rmula del \u00e9xito. Las clases comenzaron en abril de 2022 y, tan solo cinco meses despu\u00e9s, &#8220;Mandiy\u00fa&#8221; le envi\u00f3 la primera carta a su mam\u00e1, Sebastiana.<\/p>\n\n\n\n<p>Antes, Alberto solo llamaba a su madre desde tel\u00e9fonos p\u00fablicos o la visitaba cuando se tomaba vacaciones, pero la \u00faltima vez que pudo pagar un pasaje para verla fue en 2016. Ahora, gracias a la solidaridad de la gente, Alberto tiene un tel\u00e9fono y aprendi\u00f3 a comunicarse con su familia v\u00eda WhatsApp.<\/p>\n\n\n\n<p>Eugenia guard\u00f3 todos los cuadernos de tareas para mantener un registro del progreso. Cada hoja muestra c\u00f3mo se fortalece el trazo de Alberto, que ahora escribe con birome. &#8220;Es muy prolijo&#8221;, destac\u00f3, orgullosa, su tutora. La confianza del correntino tambi\u00e9n sigue creciendo: &#8220;Me siento bien, y me pregunto por qu\u00e9 no lo hice cuando era m\u00e1s joven&#8221;, reconoci\u00f3.<\/p>\n\n\n\n<figure class=\"wp-block-image\"><img decoding=\"async\" src=\"https:\/\/www.diarioepoca.com\/content\/bucket\/6\/1349996w762h1016c.jpg.webp\" alt=\"\"\/><\/figure>\n\n\n\n<p>El mundo cambi\u00f3 para \u00e9l. Desde noviembre, le ofrecieron un trabajo mejor en el edificio donde trabaja Eugenia. Hoy ayuda a repartir papeles administrativos entre las oficinas. Adem\u00e1s, su vida cotidiana es m\u00e1s sencilla: &#8220;Paso y me fijo, leo los precios. Cuando voy a la verduler\u00eda, me fijo. No leo tan r\u00e1pido, pero miro&#8221;, confirm\u00f3 Alberto.<\/p>\n\n\n\n<p>Su pr\u00f3xima meta ser\u00e1 comenzar la primaria en marzo de este a\u00f1o. &#8220;Yo pienso que voy a ir bien porque m\u00e1s o menos s\u00e9&#8221;, asever\u00f3 Alberto, que le pone todo su empe\u00f1o a las tareas no solo para mejorar, sino para agradecerles a todos los que siempre se preocupan por \u00e9l.<\/p>\n\n\n\n<p>La magnitud del cari\u00f1o por &#8220;Mandiy\u00fa&#8221; impuls\u00f3 a Eugenia y sus compa\u00f1eros a recaudar para regalarle el boleto de micro a Corrientes. Alberto sue\u00f1a con volver a ver a Sebastiana despu\u00e9s de tanto tiempo y celebrar con ella sus 80 a\u00f1os el 12 de marzo.<\/p>\n","protected":false},"excerpt":{"rendered":"<p>El hombre es de Mburucuy\u00e1, un pueblo de Corrientes, pero se cri\u00f3 con su abuela en el campo y no fue a la escuela. Muchos a\u00f1os despu\u00e9s de haber llegado&hellip; <\/p>\n","protected":false},"author":3,"featured_media":127874,"comment_status":"closed","ping_status":"open","sticky":false,"template":"","format":"standard","meta":{"footnotes":""},"categories":[32],"tags":[],"class_list":["post-127866","post","type-post","status-publish","format-standard","has-post-thumbnail","hentry","category-educacion"],"_links":{"self":[{"href":"https:\/\/corrientesdetarde.com\/index.php\/wp-json\/wp\/v2\/posts\/127866","targetHints":{"allow":["GET"]}}],"collection":[{"href":"https:\/\/corrientesdetarde.com\/index.php\/wp-json\/wp\/v2\/posts"}],"about":[{"href":"https:\/\/corrientesdetarde.com\/index.php\/wp-json\/wp\/v2\/types\/post"}],"author":[{"embeddable":true,"href":"https:\/\/corrientesdetarde.com\/index.php\/wp-json\/wp\/v2\/users\/3"}],"replies":[{"embeddable":true,"href":"https:\/\/corrientesdetarde.com\/index.php\/wp-json\/wp\/v2\/comments?post=127866"}],"version-history":[{"count":1,"href":"https:\/\/corrientesdetarde.com\/index.php\/wp-json\/wp\/v2\/posts\/127866\/revisions"}],"predecessor-version":[{"id":127898,"href":"https:\/\/corrientesdetarde.com\/index.php\/wp-json\/wp\/v2\/posts\/127866\/revisions\/127898"}],"wp:featuredmedia":[{"embeddable":true,"href":"https:\/\/corrientesdetarde.com\/index.php\/wp-json\/wp\/v2\/media\/127874"}],"wp:attachment":[{"href":"https:\/\/corrientesdetarde.com\/index.php\/wp-json\/wp\/v2\/media?parent=127866"}],"wp:term":[{"taxonomy":"category","embeddable":true,"href":"https:\/\/corrientesdetarde.com\/index.php\/wp-json\/wp\/v2\/categories?post=127866"},{"taxonomy":"post_tag","embeddable":true,"href":"https:\/\/corrientesdetarde.com\/index.php\/wp-json\/wp\/v2\/tags?post=127866"}],"curies":[{"name":"wp","href":"https:\/\/api.w.org\/{rel}","templated":true}]}}