{"id":12810,"date":"2022-10-19T23:47:53","date_gmt":"2022-10-20T02:47:53","guid":{"rendered":"https:\/\/corrientesdetarde.com\/?p=12810"},"modified":"2022-10-19T23:47:57","modified_gmt":"2022-10-20T02:47:57","slug":"madre-correntina-denuncio-por-acoso-al-juez-que-tenia-a-cargo-su-causa-de-alimentos","status":"publish","type":"post","link":"https:\/\/corrientesdetarde.com\/index.php\/crimen-y-justicia\/madre-correntina-denuncio-por-acoso-al-juez-que-tenia-a-cargo-su-causa-de-alimentos\/","title":{"rendered":"Madre correntina denunci\u00f3 por acoso al Juez que ten\u00eda a cargo su causa de alimentos"},"content":{"rendered":"\n<p>Carla Carnevale public\u00f3 a trav\u00e9s de sus redes sociales la situaci\u00f3n de acoso que sufri\u00f3 por parte del Juez de que ten\u00eda a cargo la causa de alimentos que se tramita en el Juzgado de Ni\u00f1ez, Adolescencia y familia. Seg\u00fan inform\u00f3 la abogada de la v\u00edctima a diarioepoca.com, en las pr\u00f3ximas horas ratificar\u00e1n la denuncia en la Fiscal\u00eda de Instrucci\u00f3n de Goya. Adelant\u00f3 que habr\u00eda otros casos similares y esperan que las v\u00edctimas se animen a denunciar.\u00a0<\/p>\n\n\n\n<p><\/p>\n\n\n\n<p>La v\u00edctima, Carla Carnevale, en primera instancia denunci\u00f3 a trav\u00e9s de sus redes sociales al Juez que ten\u00eda a cargo la demanda de alimentos que ella hab\u00eda iniciado contra el padre de su hijo. Seg\u00fan detall\u00f3, &#8220;firmamos un acuerdo con los abuelos paternos de mi hijo por una cuota de alimentos ya que el padre de Bautista no cumpl\u00eda con su obligaci\u00f3n&#8221;. Durante este tiempo&nbsp;<strong>ella recib\u00eda reacciones a sus historias y mensajes por parte del Juez en lo Civil, Comercial Laboral Familia Ni\u00f1ez, Adolescencia y de Paz de Santa Luc\u00eda, Daniel Alejandro Azcona<\/strong>.<\/p>\n\n\n\n<p>&#8220;<strong>Comenz\u00f3 a comunicarse en forma privada, &nbsp;a decir cosas que no corresponden, es una conducta impropia<\/strong>&nbsp;&nbsp;que altera toda la din\u00e1mica de la relaci\u00f3n entre juez y justiciable. El acoso, stalking u hostigamiento, afecta la psiquis de&nbsp;<strong>ella, quien reaccionaba de manera simp\u00e1tica como para sac\u00e1rselo de encima. Pero cuando ella no contento m\u00e1s se lo volvi\u00f3 en contra inclusive sobre c\u00f3mo resolver el tema de alimentos<\/strong>&#8221; detall\u00f3 a diarioepoca.com la abogada de la v\u00edctima, Dra. Silvia Casarrubia.<\/p>\n\n\n\n<p>&#8220;Ya no homologaron el acuerdo que ten\u00eda con los abuelos, le saco la obligaci\u00f3n siendo que ellos eran los \u00fanicos que cumpl\u00edan. Resuelve todo a favor de un padre que nunca cumpli\u00f3 con su parte de la cuota y ahora tambi\u00e9n redujo la cuota sin fundamento, ni l\u00f3gica&#8221;,&nbsp; expres\u00f3 Carla en su publicaci\u00f3n de redes sociales acerca de&nbsp;<strong>la reacci\u00f3n del Juez que la acos\u00f3 y posteriormente la perjudic\u00f3 en la causa que ten\u00eda a su cargo.&nbsp;<\/strong><\/p>\n\n\n\n<p>En este sentido, Casarrubia expres\u00f3 que esto lo tendr\u00e1 que rever la v\u00edctima con su abogado que lleva delante su causa de alimentos. La letrada recalc\u00f3 que&nbsp;<strong>&#8220;lo que interesa es que estuvo sufriendo y paciendo a un Juez que esta a cargo del proceso de alimentos,&nbsp; donde ella es parte.<\/strong><strong>Ac\u00e1 hay un Juez que viola todas las condiciones para serlo, la distancia que debe mantener de las partes, la responsabilidad institucional y la imparcialidad<\/strong>&#8221;&nbsp;<\/p>\n\n\n\n<p>Asegur\u00f3 que en este caso &#8220;hay una violaci\u00f3n de deberes de funcionario p\u00fablico&#8221;. Adem\u00e1s adelant\u00f3 que habr\u00edan otros casos similares y esperan que las v\u00edctimas se animen a denunciar.\u00a0<\/p>\n\n\n\n<figure class=\"wp-block-image size-large\"><img loading=\"lazy\" decoding=\"async\" width=\"450\" height=\"1024\" src=\"https:\/\/corrientesdetarde.com\/wp-content\/uploads\/2022\/10\/FireShot-Capture-2053-Madre-correntina-denuncio-por-acoso-al-Juez-que-tenia-a-cargo-su-cau_-www.diarioepoca.com_-450x1024.png\" alt=\"\" class=\"wp-image-12811\" srcset=\"https:\/\/corrientesdetarde.com\/wp-content\/uploads\/2022\/10\/FireShot-Capture-2053-Madre-correntina-denuncio-por-acoso-al-Juez-que-tenia-a-cargo-su-cau_-www.diarioepoca.com_-450x1024.png 450w, https:\/\/corrientesdetarde.com\/wp-content\/uploads\/2022\/10\/FireShot-Capture-2053-Madre-correntina-denuncio-por-acoso-al-Juez-que-tenia-a-cargo-su-cau_-www.diarioepoca.com_-132x300.png 132w, https:\/\/corrientesdetarde.com\/wp-content\/uploads\/2022\/10\/FireShot-Capture-2053-Madre-correntina-denuncio-por-acoso-al-Juez-que-tenia-a-cargo-su-cau_-www.diarioepoca.com_-768x1748.png 768w, https:\/\/corrientesdetarde.com\/wp-content\/uploads\/2022\/10\/FireShot-Capture-2053-Madre-correntina-denuncio-por-acoso-al-Juez-que-tenia-a-cargo-su-cau_-www.diarioepoca.com_-675x1536.png 675w, https:\/\/corrientesdetarde.com\/wp-content\/uploads\/2022\/10\/FireShot-Capture-2053-Madre-correntina-denuncio-por-acoso-al-Juez-que-tenia-a-cargo-su-cau_-www.diarioepoca.com_.png 783w\" sizes=\"auto, (max-width: 450px) 100vw, 450px\" \/><\/figure>\n","protected":false},"excerpt":{"rendered":"<p>Carla Carnevale public\u00f3 a trav\u00e9s de sus redes sociales la situaci\u00f3n de acoso que sufri\u00f3 por parte del Juez de que ten\u00eda a cargo la causa de alimentos que se&hellip; <\/p>\n","protected":false},"author":1,"featured_media":12812,"comment_status":"closed","ping_status":"open","sticky":false,"template":"","format":"standard","meta":{"footnotes":""},"categories":[5],"tags":[],"class_list":["post-12810","post","type-post","status-publish","format-standard","has-post-thumbnail","hentry","category-crimen-y-justicia"],"_links":{"self":[{"href":"https:\/\/corrientesdetarde.com\/index.php\/wp-json\/wp\/v2\/posts\/12810","targetHints":{"allow":["GET"]}}],"collection":[{"href":"https:\/\/corrientesdetarde.com\/index.php\/wp-json\/wp\/v2\/posts"}],"about":[{"href":"https:\/\/corrientesdetarde.com\/index.php\/wp-json\/wp\/v2\/types\/post"}],"author":[{"embeddable":true,"href":"https:\/\/corrientesdetarde.com\/index.php\/wp-json\/wp\/v2\/users\/1"}],"replies":[{"embeddable":true,"href":"https:\/\/corrientesdetarde.com\/index.php\/wp-json\/wp\/v2\/comments?post=12810"}],"version-history":[{"count":1,"href":"https:\/\/corrientesdetarde.com\/index.php\/wp-json\/wp\/v2\/posts\/12810\/revisions"}],"predecessor-version":[{"id":12813,"href":"https:\/\/corrientesdetarde.com\/index.php\/wp-json\/wp\/v2\/posts\/12810\/revisions\/12813"}],"wp:featuredmedia":[{"embeddable":true,"href":"https:\/\/corrientesdetarde.com\/index.php\/wp-json\/wp\/v2\/media\/12812"}],"wp:attachment":[{"href":"https:\/\/corrientesdetarde.com\/index.php\/wp-json\/wp\/v2\/media?parent=12810"}],"wp:term":[{"taxonomy":"category","embeddable":true,"href":"https:\/\/corrientesdetarde.com\/index.php\/wp-json\/wp\/v2\/categories?post=12810"},{"taxonomy":"post_tag","embeddable":true,"href":"https:\/\/corrientesdetarde.com\/index.php\/wp-json\/wp\/v2\/tags?post=12810"}],"curies":[{"name":"wp","href":"https:\/\/api.w.org\/{rel}","templated":true}]}}