{"id":128123,"date":"2024-02-26T09:18:09","date_gmt":"2024-02-26T12:18:09","guid":{"rendered":"https:\/\/corrientesdetarde.com\/?p=128123"},"modified":"2024-02-26T09:18:21","modified_gmt":"2024-02-26T12:18:21","slug":"avellaneda-un-chico-de-14-anos-fue-asesinado-de-un-tiro-en-la-cabeza-en-medio-de-una-pelea-entre-dos-mujeres","status":"publish","type":"post","link":"https:\/\/corrientesdetarde.com\/index.php\/policiales\/avellaneda-un-chico-de-14-anos-fue-asesinado-de-un-tiro-en-la-cabeza-en-medio-de-una-pelea-entre-dos-mujeres\/","title":{"rendered":"Avellaneda: un chico de 14 a\u00f1os fue asesinado de un tiro en la cabeza en medio de una pelea entre dos mujeres"},"content":{"rendered":"\n<p>Un adolescente de 14 a\u00f1os que jugaba en las inferiores de Racing Club&nbsp;<strong>fue asesinado de un disparo en la cabeza&nbsp;<\/strong>tras intervenir en una discusi\u00f3n de dos mujeresen la localidad bonaerense de Dock Sud, en Avellaneda. Por el crimen&nbsp;<strong>buscan a un exconvicto<\/strong>, que era el novio de una de las involucradas en la pelea.<\/p>\n\n\n\n<p>De acuerdo al testimonio de testigos, el dram\u00e1tico episodio se desencaden\u00f3 en la madrugada del s\u00e1bado cuando<strong>\u00a0una vecina acus\u00f3 a otra de mirar a su pareja<\/strong>, un sujeto que hab\u00eda salido de la c\u00e1rcel hac\u00eda poco.<\/p>\n\n\n\n<p>En ese momento Dante Canteros Barrientos, la v\u00edctima,&nbsp;<strong>trat\u00f3 de interceder en la pelea&nbsp;<\/strong>y recibi\u00f3 un disparo en la cabeza por parte del novio en cuesti\u00f3n de una de las mujeres. Aunque fue trasladado de urgencia al Hospital Fiorito, muri\u00f3 poco despu\u00e9s de ingresar por la gravedad de la herida.<\/p>\n\n\n\n<figure class=\"wp-block-image\"><img decoding=\"async\" src=\"https:\/\/tn.com.ar\/resizer\/9J2Gjn42iAFf1wX8M7JiHWjVe88=\/767x0\/smart\/filters:format(webp)\/cloudfront-us-east-1.images.arcpublishing.com\/artear\/ONKJX3Z4KJDYDA73ZWBFA5U4SE.JPG\" alt=\"Dante ten\u00eda 14 a\u00f1os y jugaba en las inferiores de Racing Club. (Foto: NA).\"\/><figcaption class=\"wp-element-caption\">Dante ten\u00eda 14 a\u00f1os y jugaba en las inferiores de Racing Club. (Foto: NA).<\/figcaption><\/figure>\n\n\n\n<p>\u201cYo viv\u00eda para \u00e9l. Mi hijo era un amor,&nbsp;<strong>se sacaba lo que no ten\u00eda para darle a todos<\/strong>. Lo que le encantaba era jugar al futbol, nada m\u00e1s\u201d, dijo la mam\u00e1 del chico asesinado, en di\u00e1logo con&nbsp;<em>Cr\u00f3nica.<\/em><\/p>\n\n\n\n<p>A su vez, desde el Club Social y Deportivo Levalle, de Dock Sud, manifestaron: \u201cQ.E.P.D Dante Canteros. El club lamenta tu p\u00e9rdida<strong>, tan s\u00f3lo un peque\u00f1o de 14 a\u00f1os<\/strong>. Que dios te cubra con su manto hermoso Dante\u201d. \u201cTodo Levalle est\u00e1 de pie por vos. Pedimos justicia\u201d, agregaron en el posteo.<\/p>\n\n\n\n<p>Por su parte, integrantes de la comisi\u00f3n directiva y personal del Club Primero de Marzo, ubicado en el barrio Villa Tranquila de la mencionada localidad del sur del conurbano bonaerense, tambi\u00e9n lamentaron lo sucedido.&nbsp;<strong>\u201cTodo un barrio te llora y va a extra\u00f1arte.&nbsp;<\/strong>Que Dios te reciba en sus brazos y descanses en paz\u201d, expresaron a trav\u00e9s de un comunicado.<\/p>\n\n\n\n<figure class=\"wp-block-image\"><img decoding=\"async\" src=\"https:\/\/tn.com.ar\/resizer\/BtBUKHEiX5bXUGH0GvjACtFjnSk=\/767x0\/smart\/filters:format(webp)\/cloudfront-us-east-1.images.arcpublishing.com\/artear\/ULCBJE24IBAZHHEYDZSLB6J7FU.JPG\" alt=\"Dolor en las redes tras la muerte de Dante Canteros Barrientos. (Foto: Facebook).\"\/><figcaption class=\"wp-element-caption\">Dolor en las redes tras la muerte de Dante Canteros Barrientos. (Foto: Facebook).<\/figcaption><\/figure>\n\n\n\n<p>El caso es investigado por la fiscal Alejandra Olmos Coronel, de la Unidad Funcional de Instrucci\u00f3n (UFI) 1 del Departamento Judicial Avellaneda-Lan\u00fas, quien caratul\u00f3 el hecho como \u201chomicidio\u201d y, entre las primeras medidas, orden\u00f3 una serie de allanamientos para dar con el paradero del sospechoso, un hombre con antecedentes penales que<strong>\u00a0recientemente hab\u00eda recuperado la libertad\u00a0<\/strong>tras cumplir una condena en prisi\u00f3n.<\/p>\n\n\n\n<p>A su vez, la fiscal solicit\u00f3 que el cuerpo de Canteros Barrientos sea alojado en&nbsp;<strong>morgue judicial de Lomas de Zamora,<\/strong>&nbsp;mientras el Gabinete T\u00e1ctico Operativo (GTO) realizaba las tareas investigativas correspondientes para localizar al pr\u00f3fugo.<\/p>\n","protected":false},"excerpt":{"rendered":"<p>Un adolescente de 14 a\u00f1os que jugaba en las inferiores de Racing Club&nbsp;fue asesinado de un disparo en la cabeza&nbsp;tras intervenir en una discusi\u00f3n de dos mujeresen la localidad bonaerense&hellip; <\/p>\n","protected":false},"author":12,"featured_media":128139,"comment_status":"closed","ping_status":"open","sticky":false,"template":"","format":"standard","meta":{"footnotes":""},"categories":[33],"tags":[],"class_list":["post-128123","post","type-post","status-publish","format-standard","has-post-thumbnail","hentry","category-policiales"],"_links":{"self":[{"href":"https:\/\/corrientesdetarde.com\/index.php\/wp-json\/wp\/v2\/posts\/128123","targetHints":{"allow":["GET"]}}],"collection":[{"href":"https:\/\/corrientesdetarde.com\/index.php\/wp-json\/wp\/v2\/posts"}],"about":[{"href":"https:\/\/corrientesdetarde.com\/index.php\/wp-json\/wp\/v2\/types\/post"}],"author":[{"embeddable":true,"href":"https:\/\/corrientesdetarde.com\/index.php\/wp-json\/wp\/v2\/users\/12"}],"replies":[{"embeddable":true,"href":"https:\/\/corrientesdetarde.com\/index.php\/wp-json\/wp\/v2\/comments?post=128123"}],"version-history":[{"count":1,"href":"https:\/\/corrientesdetarde.com\/index.php\/wp-json\/wp\/v2\/posts\/128123\/revisions"}],"predecessor-version":[{"id":128140,"href":"https:\/\/corrientesdetarde.com\/index.php\/wp-json\/wp\/v2\/posts\/128123\/revisions\/128140"}],"wp:featuredmedia":[{"embeddable":true,"href":"https:\/\/corrientesdetarde.com\/index.php\/wp-json\/wp\/v2\/media\/128139"}],"wp:attachment":[{"href":"https:\/\/corrientesdetarde.com\/index.php\/wp-json\/wp\/v2\/media?parent=128123"}],"wp:term":[{"taxonomy":"category","embeddable":true,"href":"https:\/\/corrientesdetarde.com\/index.php\/wp-json\/wp\/v2\/categories?post=128123"},{"taxonomy":"post_tag","embeddable":true,"href":"https:\/\/corrientesdetarde.com\/index.php\/wp-json\/wp\/v2\/tags?post=128123"}],"curies":[{"name":"wp","href":"https:\/\/api.w.org\/{rel}","templated":true}]}}